{"id":11349,"date":"2025-11-04T11:35:49","date_gmt":"2025-11-04T10:35:49","guid":{"rendered":"https:\/\/vogelsberg-blog.de\/blog\/?p=11349"},"modified":"2025-11-29T17:28:18","modified_gmt":"2025-11-29T16:28:18","slug":"vogelsbergkalender-2025","status":"publish","type":"post","link":"https:\/\/vogelsberg-blog.de\/blog\/vogelsbergkalender-2025\/","title":{"rendered":"Vogelsbergkalender 2026"},"content":{"rendered":"\t\t<div data-elementor-type=\"wp-post\" data-elementor-id=\"11349\" class=\"elementor elementor-11349\" data-elementor-post-type=\"post\">\n\t\t\t\t<div class=\"elementor-element elementor-element-e3a6c5b e-flex e-con-boxed e-con e-parent\" data-id=\"e3a6c5b\" data-element_type=\"container\" data-e-type=\"container\">\n\t\t\t\t\t<div class=\"e-con-inner\">\n\t\t<div class=\"elementor-element elementor-element-230509a e-con-full e-flex e-con e-child\" data-id=\"230509a\" data-element_type=\"container\" data-e-type=\"container\">\n\t\t\t\t<div class=\"elementor-element elementor-element-4c39125 elementor-widget elementor-widget-heading\" data-id=\"4c39125\" data-element_type=\"widget\" data-e-type=\"widget\" data-widget_type=\"heading.default\">\n\t\t\t\t<div class=\"elementor-widget-container\">\n\t\t\t\t\t<span id=4c39125><\/span><h2 class=\"elementor-heading-title elementor-size-default\">Damit 2026 ein wundervolles Jahr wird<\/h2>\t\t\t\t<\/div>\n\t\t\t\t<\/div>\n\t\t\t\t<div class=\"elementor-element elementor-element-89de1fa elementor-widget elementor-widget-text-editor\" data-id=\"89de1fa\" data-element_type=\"widget\" data-e-type=\"widget\" data-widget_type=\"text-editor.default\">\n\t\t\t\t<div class=\"elementor-widget-container\">\n\t\t\t\t\t<span id=89de1fa><\/span>\t\t\t\t<h3 style=\"text-align: center;\">Der gro\u00dfe und kleine Vogelsbergliebe Wandkalender<\/h3><p style=\"text-align: center;\"><strong>Gro\u00dfartige Aufnahmen hinrei\u00dfend sch\u00f6ner Landschaften aus dem Hohen Vogelsberg.<\/strong><br \/>Diesen hochwertigen Wandkalender haben wir eigens f\u00fcr Sie als gestaltet. Sie werden Monat f\u00fcr Monat Freude daran haben. <br \/><strong>Zwei Gr\u00f6\u00dfen:<\/strong><br \/><strong>Der Gro\u00dfe:<\/strong> DIN A3 (42x 29,7 cm), Ringbindung.<br \/><strong>Der Kleine:<\/strong> Quadratisch (20x 20 cm), Ringbindung.<\/p>\t\t\t\t\t\t\t\t<\/div>\n\t\t\t\t<\/div>\n\t\t\t\t<\/div>\n\t\t<div class=\"elementor-element elementor-element-ea57141 e-grid e-con-full e-con e-child\" data-id=\"ea57141\" data-element_type=\"container\" data-e-type=\"container\" data-settings=\"{&quot;background_background&quot;:&quot;classic&quot;}\">\n\t\t\t\t<div class=\"elementor-element elementor-element-8d09872 elementor-widget elementor-widget-image\" data-id=\"8d09872\" data-element_type=\"widget\" data-e-type=\"widget\" data-widget_type=\"image.default\">\n\t\t\t\t<div class=\"elementor-widget-container\">\n\t\t\t\t\t<span id=8d09872><\/span>\t\t\t\t\t\t\t\t\t\t<img fetchpriority=\"high\" decoding=\"async\" width=\"800\" height=\"573\" src=\"https:\/\/vogelsberg-blog.de\/blog\/wp-content\/uploads\/2025\/11\/IMG_4004-1024x734.jpg\" class=\"attachment-large size-large wp-image-11937\" alt=\"Vogelsbergkalender-2026\" srcset=\"https:\/\/vogelsberg-blog.de\/blog\/wp-content\/uploads\/2025\/11\/IMG_4004-1024x734.jpg 1024w, https:\/\/vogelsberg-blog.de\/blog\/wp-content\/uploads\/2025\/11\/IMG_4004-250x179.jpg 250w, https:\/\/vogelsberg-blog.de\/blog\/wp-content\/uploads\/2025\/11\/IMG_4004-768x551.jpg 768w, https:\/\/vogelsberg-blog.de\/blog\/wp-content\/uploads\/2025\/11\/IMG_4004-1536x1101.jpg 1536w, https:\/\/vogelsberg-blog.de\/blog\/wp-content\/uploads\/2025\/11\/IMG_4004-1320x947.jpg 1320w, https:\/\/vogelsberg-blog.de\/blog\/wp-content\/uploads\/2025\/11\/IMG_4004.jpg 1573w\" sizes=\"(max-width: 800px) 100vw, 800px\" \/>\t\t\t\t\t\t\t\t\t\t\t\t\t\t\t<\/div>\n\t\t\t\t<\/div>\n\t\t\t\t<div class=\"elementor-element elementor-element-1be4455 elementor-widget elementor-widget-image\" data-id=\"1be4455\" data-element_type=\"widget\" data-e-type=\"widget\" data-widget_type=\"image.default\">\n\t\t\t\t<div class=\"elementor-widget-container\">\n\t\t\t\t\t<span id=1be4455><\/span>\t\t\t\t\t\t\t\t\t\t<img decoding=\"async\" width=\"800\" height=\"564\" src=\"https:\/\/vogelsberg-blog.de\/blog\/wp-content\/uploads\/2025\/11\/Kleiner-Kalender-2-1024x722.jpg\" class=\"attachment-large size-large wp-image-12005\" alt=\"\" srcset=\"https:\/\/vogelsberg-blog.de\/blog\/wp-content\/uploads\/2025\/11\/Kleiner-Kalender-2-1024x722.jpg 1024w, https:\/\/vogelsberg-blog.de\/blog\/wp-content\/uploads\/2025\/11\/Kleiner-Kalender-2-250x176.jpg 250w, https:\/\/vogelsberg-blog.de\/blog\/wp-content\/uploads\/2025\/11\/Kleiner-Kalender-2-768x541.jpg 768w, https:\/\/vogelsberg-blog.de\/blog\/wp-content\/uploads\/2025\/11\/Kleiner-Kalender-2.jpg 1200w\" sizes=\"(max-width: 800px) 100vw, 800px\" \/>\t\t\t\t\t\t\t\t\t\t\t\t\t\t\t<\/div>\n\t\t\t\t<\/div>\n\t\t\t\t<\/div>\n\t\t<div class=\"elementor-element elementor-element-fc1d39a e-grid e-con-full e-con e-child\" data-id=\"fc1d39a\" data-element_type=\"container\" data-e-type=\"container\" data-settings=\"{&quot;background_background&quot;:&quot;classic&quot;}\">\n\t\t\t\t<div class=\"elementor-element elementor-element-da1f838 elementor-widget elementor-widget-price-table\" data-id=\"da1f838\" data-element_type=\"widget\" data-e-type=\"widget\" data-widget_type=\"price-table.default\">\n\t\t\t\t<div class=\"elementor-widget-container\">\n\t\t\t\t\t<span id=da1f838><\/span>\n\t\t<div class=\"elementor-price-table\">\n\t\t\t\t\t\t\t<div class=\"elementor-price-table__header\">\n\t\t\t\t\t\t\t\t\t\t\t<h3 class=\"elementor-price-table__heading\">\n\t\t\t\t\t\tDer Gro\u00dfe\t\t\t\t\t\t<\/h3>\n\t\t\t\t\t\n\t\t\t\t\t\t\t\t\t\t\t<span class=\"elementor-price-table__subheading\">\n\t\t\t\t\t\t\tDIN A3 Wandkalender\t\t\t\t\t\t<\/span>\n\t\t\t\t\t\t\t\t\t<\/div>\n\t\t\t\n\t\t\t<div class=\"elementor-price-table__price\">\n\t\t\t\t\t\t\t\t<span class=\"elementor-price-table__currency\">&#128;<\/span>\t\t\t\t\t\t\t\t\t<span class=\"elementor-price-table__integer-part\">\n\t\t\t\t\t\t29\t\t\t\t\t<\/span>\n\t\t\t\t\n\t\t\t\t\t\t\t\t\t<div class=\"elementor-price-table__after-price\">\n\t\t\t\t\t\t<span class=\"elementor-price-table__fractional-part\">\n\t\t\t\t\t\t\t99\t\t\t\t\t\t<\/span>\n\n\t\t\t\t\t\t\t\t\t\t\t<\/div>\n\t\t\t\t\n\t\t\t\t\n\t\t\t\t\t\t\t\t\t<span class=\"elementor-price-table__period elementor-typo-excluded\">inkl. MwSt. plus 2,99 \u20ac reduzierte Versandkoten<\/span>\t\t\t\t\t\t\t<\/div>\n\n\t\t\t\t\t\t\t<ul class=\"elementor-price-table__features-list\">\n\t\t\t\t\t\t\t\t\t\t\t<li class=\"elementor-repeater-item-94b85e1\">\n\t\t\t\t\t\t\t<div class=\"elementor-price-table__feature-inner\">\n\t\t\t\t\t\t\t\t<i aria-hidden=\"true\" class=\"far fa-check-circle\"><\/i>\t\t\t\t\t\t\t\t\t\t\t\t\t\t\t\t\t<span >\n\t\t\t\t\t\t\t\t\t\tPremium Papier Matt\t\t\t\t\t\t\t\t\t<\/span>\n\t\t\t\t\t\t\t\t\t\t\t\t\t\t\t\t<\/div>\n\t\t\t\t\t\t<\/li>\n\t\t\t\t\t\t\t\t\t<\/ul>\n\t\t\t\n\t\t\t\t\t\t\t<div class=\"elementor-price-table__footer\">\n\t\t\t\t\t\t\t\t\t\t\t<a class=\"elementor-price-table__button elementor-button elementor-size-md\" href=\"https:\/\/www.saal-digital.net\/share\/CEVhBHS\/?EventId=610&#038;TrackingUserId=7cbcc3bd-2651-4735-9940-cd9f8a12dd40\" target=\"_blank\">\n\t\t\t\t\t\t\tBestellen\t\t\t\t\t\t<\/a>\n\t\t\t\t\t\n\t\t\t\t\t\t\t\t\t\t\t<div class=\"elementor-price-table__additional_info\">\n\t\t\t\t\t\t\tReduzierte Versandkosten nur 2,99 \u20ac statt 5,99 \u20ac\t\t\t\t\t\t<\/div>\n\t\t\t\t\t\t\t\t\t<\/div>\n\t\t\t\t\t<\/div>\n\n\t\t\t\t\t<div class=\"elementor-ribbon\">\n\t\t\t\t<div class=\"elementor-ribbon-inner\">\n\t\t\t\t\t2026\t\t\t\t<\/div>\n\t\t\t<\/div>\n\t\t\t\t\t\t\t<\/div>\n\t\t\t\t<\/div>\n\t\t\t\t<div class=\"elementor-element elementor-element-2f5597c elementor-widget elementor-widget-price-table\" data-id=\"2f5597c\" data-element_type=\"widget\" data-e-type=\"widget\" data-widget_type=\"price-table.default\">\n\t\t\t\t<div class=\"elementor-widget-container\">\n\t\t\t\t\t<span id=2f5597c><\/span>\n\t\t<div class=\"elementor-price-table\">\n\t\t\t\t\t\t\t<div class=\"elementor-price-table__header\">\n\t\t\t\t\t\t\t\t\t\t\t<h3 class=\"elementor-price-table__heading\">\n\t\t\t\t\t\tDer Kleine\t\t\t\t\t\t<\/h3>\n\t\t\t\t\t\n\t\t\t\t\t\t\t\t\t\t\t<span class=\"elementor-price-table__subheading\">\n\t\t\t\t\t\t\t20 x20 cm Wandkalender\t\t\t\t\t\t<\/span>\n\t\t\t\t\t\t\t\t\t<\/div>\n\t\t\t\n\t\t\t<div class=\"elementor-price-table__price\">\n\t\t\t\t\t\t\t\t<span class=\"elementor-price-table__currency\">&#128;<\/span>\t\t\t\t\t\t\t\t\t<span class=\"elementor-price-table__integer-part\">\n\t\t\t\t\t\t16\t\t\t\t\t<\/span>\n\t\t\t\t\n\t\t\t\t\t\t\t\t\t<div class=\"elementor-price-table__after-price\">\n\t\t\t\t\t\t<span class=\"elementor-price-table__fractional-part\">\n\t\t\t\t\t\t\t99\t\t\t\t\t\t<\/span>\n\n\t\t\t\t\t\t\t\t\t\t\t<\/div>\n\t\t\t\t\n\t\t\t\t\n\t\t\t\t\t\t\t\t\t<span class=\"elementor-price-table__period elementor-typo-excluded\">inkl. MwSt. plus 2,99 \u20ac reduzierte Versandkoten<\/span>\t\t\t\t\t\t\t<\/div>\n\n\t\t\t\t\t\t\t<ul class=\"elementor-price-table__features-list\">\n\t\t\t\t\t\t\t\t\t\t\t<li class=\"elementor-repeater-item-94b85e1\">\n\t\t\t\t\t\t\t<div class=\"elementor-price-table__feature-inner\">\n\t\t\t\t\t\t\t\t<i aria-hidden=\"true\" class=\"far fa-check-circle\"><\/i>\t\t\t\t\t\t\t\t\t\t\t\t\t\t\t\t\t<span >\n\t\t\t\t\t\t\t\t\t\tPremium Papier Matt\t\t\t\t\t\t\t\t\t<\/span>\n\t\t\t\t\t\t\t\t\t\t\t\t\t\t\t\t<\/div>\n\t\t\t\t\t\t<\/li>\n\t\t\t\t\t\t\t\t\t<\/ul>\n\t\t\t\n\t\t\t\t\t\t\t<div class=\"elementor-price-table__footer\">\n\t\t\t\t\t\t\t\t\t\t\t<a class=\"elementor-price-table__button elementor-button elementor-size-md\" href=\"https:\/\/www.saal-digital.net\/share\/gEpHL93\/\" target=\"_blank\">\n\t\t\t\t\t\t\tBestellen\t\t\t\t\t\t<\/a>\n\t\t\t\t\t\n\t\t\t\t\t\t\t\t\t\t\t<div class=\"elementor-price-table__additional_info\">\n\t\t\t\t\t\t\tReduzierte Versandkosten nur 2,99 \u20ac statt 5,99 \u20ac\t\t\t\t\t\t<\/div>\n\t\t\t\t\t\t\t\t\t<\/div>\n\t\t\t\t\t<\/div>\n\n\t\t\t\t\t<div class=\"elementor-ribbon\">\n\t\t\t\t<div class=\"elementor-ribbon-inner\">\n\t\t\t\t\t2026\t\t\t\t<\/div>\n\t\t\t<\/div>\n\t\t\t\t\t\t\t<\/div>\n\t\t\t\t<\/div>\n\t\t\t\t<\/div>\n\t\t\t\t\t<\/div>\n\t\t\t\t<\/div>\n\t\t<div class=\"elementor-element elementor-element-c802bb7 e-flex e-con-boxed e-con e-parent\" data-id=\"c802bb7\" data-element_type=\"container\" data-e-type=\"container\">\n\t\t\t\t\t<div class=\"e-con-inner\">\n\t\t\t\t<div class=\"elementor-element elementor-element-e89e0ab elementor-widget-divider--view-line elementor-widget elementor-widget-divider\" data-id=\"e89e0ab\" data-element_type=\"widget\" data-e-type=\"widget\" data-widget_type=\"divider.default\">\n\t\t\t\t<div class=\"elementor-widget-container\">\n\t\t\t\t\t<span id=e89e0ab><\/span>\t\t<div class=\"elementor-divider\">\n\t\t\t<span class=\"elementor-divider-separator\">\n\t\t\t\t\t\t<\/span>\n\t\t<\/div>\n\t\t\t\t\t\t<\/div>\n\t\t\t\t<\/div>\n\t\t\t\t\t<\/div>\n\t\t\t\t<\/div>\n\t\t<div class=\"elementor-element elementor-element-0c225d6 e-flex e-con-boxed e-con e-parent\" data-id=\"0c225d6\" data-element_type=\"container\" data-e-type=\"container\">\n\t\t\t\t\t<div class=\"e-con-inner\">\n\t\t\t\t<div class=\"elementor-element elementor-element-b50adf0 elementor-widget elementor-widget-spacer\" data-id=\"b50adf0\" data-element_type=\"widget\" data-e-type=\"widget\" data-widget_type=\"spacer.default\">\n\t\t\t\t<div class=\"elementor-widget-container\">\n\t\t\t\t\t<span id=b50adf0><\/span>\t\t<div class=\"elementor-spacer\">\n\t\t\t<div class=\"elementor-spacer-inner\"><\/div>\n\t\t<\/div>\n\t\t\t\t\t\t<\/div>\n\t\t\t\t<\/div>\n\t\t\t\t\t<\/div>\n\t\t\t\t<\/div>\n\t\t\t\t<\/div>\n\t\t","protected":false},"excerpt":{"rendered":"<p>Unser Vogelsberg Wandkalender 2026 erscheint bereits in der 6. Auflage.<br \/>\nWie in den Jahren zuvor haben wir mit viel Sorgfalt und Liebe Fotografien aus unserem eigenen Portfolio ausgew\u00e4hlt und wieder zu einem ansprechenden Monatskalender f\u00fcr das Jahr 2025 zusammengestellt.<\/p>\n","protected":false},"author":1,"featured_media":11952,"comment_status":"open","ping_status":"open","sticky":false,"template":"","format":"standard","meta":{"_uag_custom_page_level_css":"","generate_page_header":"","footnotes":""},"categories":[94,1,214,195],"tags":[258,55,36,260,70,257],"class_list":["post-11349","post","type-post","status-publish","format-standard","has-post-thumbnail","hentry","category-aktuelles","category-allgemein","category-blog","category-druckshop","tag-258","tag-fotografie","tag-hoher-vogelsberg","tag-vbk25","tag-vogelsberg","tag-vogelsbergkalender","infinite-scroll-item"],"aioseo_notices":[],"uagb_featured_image_src":{"full":["https:\/\/vogelsberg-blog.de\/blog\/wp-content\/uploads\/2025\/11\/IMG_4008.jpg",1574,1116,false],"thumbnail":["https:\/\/vogelsberg-blog.de\/blog\/wp-content\/uploads\/2025\/11\/IMG_4008-660x300.jpg",660,300,true],"medium":["https:\/\/vogelsberg-blog.de\/blog\/wp-content\/uploads\/2025\/11\/IMG_4008-250x177.jpg",250,177,true],"medium_large":["https:\/\/vogelsberg-blog.de\/blog\/wp-content\/uploads\/2025\/11\/IMG_4008-768x545.jpg",768,545,true],"large":["https:\/\/vogelsberg-blog.de\/blog\/wp-content\/uploads\/2025\/11\/IMG_4008-1024x726.jpg",1024,726,true],"1536x1536":["https:\/\/vogelsberg-blog.de\/blog\/wp-content\/uploads\/2025\/11\/IMG_4008-1536x1089.jpg",1536,1089,true],"2048x2048":["https:\/\/vogelsberg-blog.de\/blog\/wp-content\/uploads\/2025\/11\/IMG_4008.jpg",1574,1116,false],"wp_review_large":["https:\/\/vogelsberg-blog.de\/blog\/wp-content\/uploads\/2025\/11\/IMG_4008-320x200.jpg",320,200,true],"wp_review_small":["https:\/\/vogelsberg-blog.de\/blog\/wp-content\/uploads\/2025\/11\/IMG_4008-65x65.jpg",65,65,true],"mailpoet_newsletter_max":["https:\/\/vogelsberg-blog.de\/blog\/wp-content\/uploads\/2025\/11\/IMG_4008-1320x936.jpg",1320,936,true]},"uagb_author_info":{"display_name":"VB - Admin","author_link":"https:\/\/vogelsberg-blog.de\/blog\/author\/pixelladen\/"},"uagb_comment_info":0,"uagb_excerpt":"Unser Vogelsberg Wandkalender 2026 erscheint bereits in der 6. Auflage. Wie in den Jahren zuvor haben wir mit viel Sorgfalt und Liebe Fotografien aus unserem eigenen Portfolio ausgew\u00e4hlt und wieder zu einem ansprechenden Monatskalender f\u00fcr das Jahr 2025 zusammengestellt.","_links":{"self":[{"href":"https:\/\/vogelsberg-blog.de\/blog\/wp-json\/wp\/v2\/posts\/11349","targetHints":{"allow":["GET"]}}],"collection":[{"href":"https:\/\/vogelsberg-blog.de\/blog\/wp-json\/wp\/v2\/posts"}],"about":[{"href":"https:\/\/vogelsberg-blog.de\/blog\/wp-json\/wp\/v2\/types\/post"}],"author":[{"embeddable":true,"href":"https:\/\/vogelsberg-blog.de\/blog\/wp-json\/wp\/v2\/users\/1"}],"replies":[{"embeddable":true,"href":"https:\/\/vogelsberg-blog.de\/blog\/wp-json\/wp\/v2\/comments?post=11349"}],"version-history":[{"count":36,"href":"https:\/\/vogelsberg-blog.de\/blog\/wp-json\/wp\/v2\/posts\/11349\/revisions"}],"predecessor-version":[{"id":12011,"href":"https:\/\/vogelsberg-blog.de\/blog\/wp-json\/wp\/v2\/posts\/11349\/revisions\/12011"}],"wp:featuredmedia":[{"embeddable":true,"href":"https:\/\/vogelsberg-blog.de\/blog\/wp-json\/wp\/v2\/media\/11952"}],"wp:attachment":[{"href":"https:\/\/vogelsberg-blog.de\/blog\/wp-json\/wp\/v2\/media?parent=11349"}],"wp:term":[{"taxonomy":"category","embeddable":true,"href":"https:\/\/vogelsberg-blog.de\/blog\/wp-json\/wp\/v2\/categories?post=11349"},{"taxonomy":"post_tag","embeddable":true,"href":"https:\/\/vogelsberg-blog.de\/blog\/wp-json\/wp\/v2\/tags?post=11349"}],"curies":[{"name":"wp","href":"https:\/\/api.w.org\/{rel}","templated":true}]}}