{"id":11574,"date":"2024-12-17T12:13:51","date_gmt":"2024-12-17T11:13:51","guid":{"rendered":"https:\/\/vogelsberg-blog.de\/blog\/?p=11574"},"modified":"2024-12-17T18:06:04","modified_gmt":"2024-12-17T17:06:04","slug":"nebel-und-raureif-im-vogelsberg","status":"publish","type":"post","link":"https:\/\/vogelsberg-blog.de\/blog\/nebel-und-raureif-im-vogelsberg\/","title":{"rendered":"Magische Wintermomente mit Nebel und Raureif"},"content":{"rendered":"\t\t<div data-elementor-type=\"wp-post\" data-elementor-id=\"11574\" class=\"elementor elementor-11574\" data-elementor-post-type=\"post\">\n\t\t\t\t\t\t<section class=\"elementor-section elementor-top-section elementor-element elementor-element-7e03f47 elementor-section-boxed elementor-section-height-default elementor-section-height-default\" data-id=\"7e03f47\" data-element_type=\"section\" data-e-type=\"section\">\n\t\t\t\t\t\t<div class=\"elementor-container elementor-column-gap-default\">\n\t\t\t\t\t<div class=\"elementor-column elementor-col-100 elementor-top-column elementor-element elementor-element-6580e28\" data-id=\"6580e28\" data-element_type=\"column\" data-e-type=\"column\">\n\t\t\t<div class=\"elementor-widget-wrap elementor-element-populated\">\n\t\t\t\t\t\t<div class=\"elementor-element elementor-element-47bae89 elementor-widget__width-initial elementor-widget elementor-widget-text-editor\" data-id=\"47bae89\" data-element_type=\"widget\" data-e-type=\"widget\" data-widget_type=\"text-editor.default\">\n\t\t\t\t<div class=\"elementor-widget-container\">\n\t\t\t\t\t<span id=47bae89><\/span>\t\t\t\t<h2>Dichter Nebel und zauberhafter Raureif<\/h2><p>Wenn der Winter sein stilles Kleid ausbreitet und Minustemperaturen mit hoher Luftfeuchtigkeit zusammentreffen, entstehen im Hohen Vogelsberg \u2013 ab einer H\u00f6henlage von etwa 600 Metern \u2013 traumhafte Naturph\u00e4nomene: dichter Nebel und zauberhafter Raureif. Str\u00e4ucher, Hecken, B\u00e4ume und sogar Z\u00e4une werden von einer dicken Eisschicht umh\u00fcllt. F\u00fcr Fotografen ist dies ein wahres Paradies \u2013 und die Fotos, sind ein perfektes Beispiel daf\u00fcr, warum diese Szenen das Herz h\u00f6her schlagen lassen.<\/p>\t\t\t\t\t\t\t\t<\/div>\n\t\t\t\t<\/div>\n\t\t\t\t<div class=\"elementor-element elementor-element-c691c6d elementor-widget elementor-widget-spacer\" data-id=\"c691c6d\" data-element_type=\"widget\" data-e-type=\"widget\" data-widget_type=\"spacer.default\">\n\t\t\t\t<div class=\"elementor-widget-container\">\n\t\t\t\t\t<span id=c691c6d><\/span>\t\t<div class=\"elementor-spacer\">\n\t\t\t<div class=\"elementor-spacer-inner\"><\/div>\n\t\t<\/div>\n\t\t\t\t\t\t<\/div>\n\t\t\t\t<\/div>\n\t\t\t\t\t<\/div>\n\t\t<\/div>\n\t\t\t\t\t<\/div>\n\t\t<\/section>\n\t\t<div class=\"elementor-element elementor-element-f4abcd7 e-flex e-con-boxed e-con e-parent\" data-id=\"f4abcd7\" data-element_type=\"container\" data-e-type=\"container\">\n\t\t\t\t\t<div class=\"e-con-inner\">\n\t\t\t\t<div class=\"elementor-element elementor-element-761be3b elementor-widget elementor-widget-image\" data-id=\"761be3b\" data-element_type=\"widget\" data-e-type=\"widget\" data-widget_type=\"image.default\">\n\t\t\t\t<div class=\"elementor-widget-container\">\n\t\t\t\t\t<span id=761be3b><\/span>\t\t\t\t\t\t\t\t\t\t<img fetchpriority=\"high\" decoding=\"async\" width=\"800\" height=\"534\" src=\"https:\/\/vogelsberg-blog.de\/blog\/wp-content\/uploads\/2024\/12\/20241215-DSC03102-1024x683.jpeg\" class=\"attachment-large size-large wp-image-11578\" alt=\"Raureif und Nebel im Hohen Vogelsberg\" srcset=\"https:\/\/vogelsberg-blog.de\/blog\/wp-content\/uploads\/2024\/12\/20241215-DSC03102-1024x683.jpeg 1024w, https:\/\/vogelsberg-blog.de\/blog\/wp-content\/uploads\/2024\/12\/20241215-DSC03102-250x167.jpeg 250w, https:\/\/vogelsberg-blog.de\/blog\/wp-content\/uploads\/2024\/12\/20241215-DSC03102-768x512.jpeg 768w, https:\/\/vogelsberg-blog.de\/blog\/wp-content\/uploads\/2024\/12\/20241215-DSC03102-1536x1024.jpeg 1536w, https:\/\/vogelsberg-blog.de\/blog\/wp-content\/uploads\/2024\/12\/20241215-DSC03102-1320x880.jpeg 1320w, https:\/\/vogelsberg-blog.de\/blog\/wp-content\/uploads\/2024\/12\/20241215-DSC03102.jpeg 1600w\" sizes=\"(max-width: 800px) 100vw, 800px\" \/>\t\t\t\t\t\t\t\t\t\t\t\t\t\t\t<\/div>\n\t\t\t\t<\/div>\n\t\t\t\t\t<\/div>\n\t\t\t\t<\/div>\n\t\t<div class=\"elementor-element elementor-element-d1d2979 e-flex e-con-boxed e-con e-parent\" data-id=\"d1d2979\" data-element_type=\"container\" data-e-type=\"container\">\n\t\t\t\t\t<div class=\"e-con-inner\">\n\t\t\t\t<div class=\"elementor-element elementor-element-cd722d2 elementor-widget elementor-widget-image\" data-id=\"cd722d2\" data-element_type=\"widget\" data-e-type=\"widget\" data-widget_type=\"image.default\">\n\t\t\t\t<div class=\"elementor-widget-container\">\n\t\t\t\t\t<span id=cd722d2><\/span>\t\t\t\t\t\t\t\t\t\t<img decoding=\"async\" width=\"800\" height=\"534\" src=\"https:\/\/vogelsberg-blog.de\/blog\/wp-content\/uploads\/2024\/12\/20241215-DSC03086-1024x683.jpeg\" class=\"attachment-large size-large wp-image-11576\" alt=\"Raureif und Nebel im Hohen Vogelsberg\" srcset=\"https:\/\/vogelsberg-blog.de\/blog\/wp-content\/uploads\/2024\/12\/20241215-DSC03086-1024x683.jpeg 1024w, https:\/\/vogelsberg-blog.de\/blog\/wp-content\/uploads\/2024\/12\/20241215-DSC03086-250x167.jpeg 250w, https:\/\/vogelsberg-blog.de\/blog\/wp-content\/uploads\/2024\/12\/20241215-DSC03086-768x512.jpeg 768w, https:\/\/vogelsberg-blog.de\/blog\/wp-content\/uploads\/2024\/12\/20241215-DSC03086-1536x1024.jpeg 1536w, https:\/\/vogelsberg-blog.de\/blog\/wp-content\/uploads\/2024\/12\/20241215-DSC03086-1320x880.jpeg 1320w, https:\/\/vogelsberg-blog.de\/blog\/wp-content\/uploads\/2024\/12\/20241215-DSC03086.jpeg 1600w\" sizes=\"(max-width: 800px) 100vw, 800px\" \/>\t\t\t\t\t\t\t\t\t\t\t\t\t\t\t<\/div>\n\t\t\t\t<\/div>\n\t\t\t\t\t<\/div>\n\t\t\t\t<\/div>\n\t\t<div class=\"elementor-element elementor-element-0980d90 e-flex e-con-boxed e-con e-parent\" data-id=\"0980d90\" data-element_type=\"container\" data-e-type=\"container\">\n\t\t\t\t\t<div class=\"e-con-inner\">\n\t\t\t\t<div class=\"elementor-element elementor-element-35a665b elementor-widget elementor-widget-spacer\" data-id=\"35a665b\" data-element_type=\"widget\" data-e-type=\"widget\" data-widget_type=\"spacer.default\">\n\t\t\t\t<div class=\"elementor-widget-container\">\n\t\t\t\t\t<span id=35a665b><\/span>\t\t<div class=\"elementor-spacer\">\n\t\t\t<div class=\"elementor-spacer-inner\"><\/div>\n\t\t<\/div>\n\t\t\t\t\t\t<\/div>\n\t\t\t\t<\/div>\n\t\t\t\t<div class=\"elementor-element elementor-element-ea8d59b elementor-widget elementor-widget-text-editor\" data-id=\"ea8d59b\" data-element_type=\"widget\" data-e-type=\"widget\" data-widget_type=\"text-editor.default\">\n\t\t\t\t<div class=\"elementor-widget-container\">\n\t\t\t\t\t<span id=ea8d59b><\/span>\t\t\t\t<h2>Ein Winterwunder in Bildern<\/h2>\t\t\t\t\t\t\t\t<\/div>\n\t\t\t\t<\/div>\n\t\t\t\t<div class=\"elementor-element elementor-element-0d3f613 elementor-widget elementor-widget-text-editor\" data-id=\"0d3f613\" data-element_type=\"widget\" data-e-type=\"widget\" data-widget_type=\"text-editor.default\">\n\t\t\t\t<div class=\"elementor-widget-container\">\n\t\t\t\t\t<span id=0d3f613><\/span>\t\t\t\t<div>Die Fotos zeigen ein Ensemble aus B\u00e4umen, \u00c4sten und einem Zaun, die vollst\u00e4ndig mit Raureif \u00fcberzogen sind. Doch was macht diese Szenerie so besonders?<\/div><div>\u00a0<\/div><ul><li><strong>Der Raureif als nat\u00fcrlicher K\u00fcnstler.<\/strong> Jeder Ast, jede noch so kleine Ver\u00e4stelung ist von einer filigranen, wei\u00dfen Schicht \u00fcberzogen. Raureif bildet sich, wenn kalte Nebeltr\u00f6pfchen an Oberfl\u00e4chen gefrieren und dabei Eiskristalle entstehen lassen. Diese wirken wie ein zarter Schmuck, der die Natur in eine mystische Winterlandschaft verwandelt.<\/li><li><strong>Die monochrome Stille.<\/strong> Die Fotos wirken nahezu monochrom: Wei\u00df dominiert die gesamte Szene. Durch den Nebel verschwimmen die Konturen im Hintergrund, was den Bildern Tiefe und eine fast vertr\u00e4umte, stille Atmosph\u00e4re verleihen. Es wirkt, als h\u00e4tte die Zeit f\u00fcr einen Moment stillgestanden.<\/li><li><strong>Die Strukturen und Kontraste.<\/strong>\u00a0<span style=\"text-align: var(--text-align);\">Besonders beeindruckend sind die scharfen Linien und Strukturen, die der Raureif hervorhebt. Die \u00c4ste und St\u00e4mme scheinen durch die wei\u00dfe Schicht dicker und plastischer, w\u00e4hrend die anderen Objekte \u00a0mit filigranen Mustern fast wie aus Spitze wirkt. Der Kontrast bringt Spannung in das Bild.<\/span><\/li><li><strong>Das diffuse Licht des Nebels.<\/strong> Nebel wirkt wie ein nat\u00fcrlicher Weichzeichner: Er streut das Licht und nimmt der Umgebung harte Schatten. Dadurch entstehen weiche \u00dcberg\u00e4nge und eine m\u00e4rchenhafte Stimmung, die die Fotos besonders atmosph\u00e4risch machten<\/li><\/ul>\t\t\t\t\t\t\t\t<\/div>\n\t\t\t\t<\/div>\n\t\t\t\t\t<\/div>\n\t\t\t\t<\/div>\n\t\t<div class=\"elementor-element elementor-element-f593008 e-flex e-con-boxed e-con e-parent\" data-id=\"f593008\" data-element_type=\"container\" data-e-type=\"container\">\n\t\t\t\t\t<div class=\"e-con-inner\">\n\t\t\t\t<div class=\"elementor-element elementor-element-92aa449 elementor-widget elementor-widget-image\" data-id=\"92aa449\" data-element_type=\"widget\" data-e-type=\"widget\" data-widget_type=\"image.default\">\n\t\t\t\t<div class=\"elementor-widget-container\">\n\t\t\t\t\t<span id=92aa449><\/span>\t\t\t\t\t\t\t\t\t\t<img decoding=\"async\" width=\"800\" height=\"534\" src=\"https:\/\/vogelsberg-blog.de\/blog\/wp-content\/uploads\/2024\/12\/20241215-DSC03087-1024x683.jpeg\" class=\"attachment-large size-large wp-image-11577\" alt=\"Raureif und Nebel im Hohen Vogelsberg\" srcset=\"https:\/\/vogelsberg-blog.de\/blog\/wp-content\/uploads\/2024\/12\/20241215-DSC03087-1024x683.jpeg 1024w, https:\/\/vogelsberg-blog.de\/blog\/wp-content\/uploads\/2024\/12\/20241215-DSC03087-250x167.jpeg 250w, https:\/\/vogelsberg-blog.de\/blog\/wp-content\/uploads\/2024\/12\/20241215-DSC03087-768x512.jpeg 768w, https:\/\/vogelsberg-blog.de\/blog\/wp-content\/uploads\/2024\/12\/20241215-DSC03087-1536x1024.jpeg 1536w, https:\/\/vogelsberg-blog.de\/blog\/wp-content\/uploads\/2024\/12\/20241215-DSC03087-1320x880.jpeg 1320w, https:\/\/vogelsberg-blog.de\/blog\/wp-content\/uploads\/2024\/12\/20241215-DSC03087.jpeg 1600w\" sizes=\"(max-width: 800px) 100vw, 800px\" \/>\t\t\t\t\t\t\t\t\t\t\t\t\t\t\t<\/div>\n\t\t\t\t<\/div>\n\t\t\t\t<div class=\"elementor-element elementor-element-7828b3a elementor-widget elementor-widget-image\" data-id=\"7828b3a\" data-element_type=\"widget\" data-e-type=\"widget\" data-widget_type=\"image.default\">\n\t\t\t\t<div class=\"elementor-widget-container\">\n\t\t\t\t\t<span id=7828b3a><\/span>\t\t\t\t\t\t\t\t\t\t<img loading=\"lazy\" decoding=\"async\" width=\"800\" height=\"534\" src=\"https:\/\/vogelsberg-blog.de\/blog\/wp-content\/uploads\/2024\/12\/20241215-DSC03085-1024x683.jpeg\" class=\"attachment-large size-large wp-image-11575\" alt=\"Raureif und Nebel im Hohen Vogelsberg\" srcset=\"https:\/\/vogelsberg-blog.de\/blog\/wp-content\/uploads\/2024\/12\/20241215-DSC03085-1024x683.jpeg 1024w, https:\/\/vogelsberg-blog.de\/blog\/wp-content\/uploads\/2024\/12\/20241215-DSC03085-250x167.jpeg 250w, https:\/\/vogelsberg-blog.de\/blog\/wp-content\/uploads\/2024\/12\/20241215-DSC03085-768x512.jpeg 768w, https:\/\/vogelsberg-blog.de\/blog\/wp-content\/uploads\/2024\/12\/20241215-DSC03085-1536x1024.jpeg 1536w, https:\/\/vogelsberg-blog.de\/blog\/wp-content\/uploads\/2024\/12\/20241215-DSC03085-1320x880.jpeg 1320w, https:\/\/vogelsberg-blog.de\/blog\/wp-content\/uploads\/2024\/12\/20241215-DSC03085.jpeg 1600w\" sizes=\"(max-width: 800px) 100vw, 800px\" \/>\t\t\t\t\t\t\t\t\t\t\t\t\t\t\t<\/div>\n\t\t\t\t<\/div>\n\t\t\t\t\t<\/div>\n\t\t\t\t<\/div>\n\t\t<div class=\"elementor-element elementor-element-3ff6739 e-flex e-con-boxed e-con e-parent\" data-id=\"3ff6739\" data-element_type=\"container\" data-e-type=\"container\">\n\t\t\t\t\t<div class=\"e-con-inner\">\n\t\t\t\t<div class=\"elementor-element elementor-element-071bf91 elementor-widget elementor-widget-spacer\" data-id=\"071bf91\" data-element_type=\"widget\" data-e-type=\"widget\" data-widget_type=\"spacer.default\">\n\t\t\t\t<div class=\"elementor-widget-container\">\n\t\t\t\t\t<span id=071bf91><\/span>\t\t<div class=\"elementor-spacer\">\n\t\t\t<div class=\"elementor-spacer-inner\"><\/div>\n\t\t<\/div>\n\t\t\t\t\t\t<\/div>\n\t\t\t\t<\/div>\n\t\t\t\t<div class=\"elementor-element elementor-element-8e37292 elementor-widget elementor-widget-text-editor\" data-id=\"8e37292\" data-element_type=\"widget\" data-e-type=\"widget\" data-widget_type=\"text-editor.default\">\n\t\t\t\t<div class=\"elementor-widget-container\">\n\t\t\t\t\t<span id=8e37292><\/span>\t\t\t\t<h2>Warum Fotografen diesen Moment lieben<\/h2>\t\t\t\t\t\t\t\t<\/div>\n\t\t\t\t<\/div>\n\t\t\t\t<div class=\"elementor-element elementor-element-138f757 elementor-widget elementor-widget-text-editor\" data-id=\"138f757\" data-element_type=\"widget\" data-e-type=\"widget\" data-widget_type=\"text-editor.default\">\n\t\t\t\t<div class=\"elementor-widget-container\">\n\t\t\t\t\t<span id=138f757><\/span>\t\t\t\t<div>In einer Welt, in der wir st\u00e4ndig in Bewegung sind, ist die Winterlandschaft mit Raureif ein Ort der Ruhe und der Sch\u00f6nheit. F\u00fcr Fotografen bietet sie:<\/div><div>\u00a0<\/div><ul><li><strong>Einzigartige Motive:<\/strong> Raureif h\u00e4lt nur f\u00fcr kurze Zeit, bevor Sonne oder Wind ihn verschwinden lassen. Wer zur richtigen Zeit am richtigen Ort ist, wird belohnt.<\/li><li><strong>Minimalismus und Klarheit:<\/strong> Die Natur reduziert sich auf das Wesentliche \u2013 Linien, Strukturen, Kontraste. Weniger ist hier mehr.<\/li><li><strong>Emotionale Tiefe:<\/strong> Solche Bilder wecken Gef\u00fchle von Frieden, K\u00e4lte und einer unber\u00fchrten Welt.<\/li><\/ul>\t\t\t\t\t\t\t\t<\/div>\n\t\t\t\t<\/div>\n\t\t\t\t<div class=\"elementor-element elementor-element-6868bee elementor-widget elementor-widget-image\" data-id=\"6868bee\" data-element_type=\"widget\" data-e-type=\"widget\" data-widget_type=\"image.default\">\n\t\t\t\t<div class=\"elementor-widget-container\">\n\t\t\t\t\t<span id=6868bee><\/span>\t\t\t\t\t\t\t\t\t\t<img loading=\"lazy\" decoding=\"async\" width=\"800\" height=\"534\" src=\"https:\/\/vogelsberg-blog.de\/blog\/wp-content\/uploads\/2024\/12\/20241215-DSC03126-1024x683.jpeg\" class=\"attachment-large size-large wp-image-11580\" alt=\"Raureif und Nebel im Hohen Vogelsberg\" srcset=\"https:\/\/vogelsberg-blog.de\/blog\/wp-content\/uploads\/2024\/12\/20241215-DSC03126-1024x683.jpeg 1024w, https:\/\/vogelsberg-blog.de\/blog\/wp-content\/uploads\/2024\/12\/20241215-DSC03126-250x167.jpeg 250w, https:\/\/vogelsberg-blog.de\/blog\/wp-content\/uploads\/2024\/12\/20241215-DSC03126-768x512.jpeg 768w, https:\/\/vogelsberg-blog.de\/blog\/wp-content\/uploads\/2024\/12\/20241215-DSC03126-1536x1024.jpeg 1536w, https:\/\/vogelsberg-blog.de\/blog\/wp-content\/uploads\/2024\/12\/20241215-DSC03126-1320x880.jpeg 1320w, https:\/\/vogelsberg-blog.de\/blog\/wp-content\/uploads\/2024\/12\/20241215-DSC03126.jpeg 1600w\" sizes=\"(max-width: 800px) 100vw, 800px\" \/>\t\t\t\t\t\t\t\t\t\t\t\t\t\t\t<\/div>\n\t\t\t\t<\/div>\n\t\t\t\t<div class=\"elementor-element elementor-element-6284513 elementor-widget elementor-widget-spacer\" data-id=\"6284513\" data-element_type=\"widget\" data-e-type=\"widget\" data-widget_type=\"spacer.default\">\n\t\t\t\t<div class=\"elementor-widget-container\">\n\t\t\t\t\t<span id=6284513><\/span>\t\t<div class=\"elementor-spacer\">\n\t\t\t<div class=\"elementor-spacer-inner\"><\/div>\n\t\t<\/div>\n\t\t\t\t\t\t<\/div>\n\t\t\t\t<\/div>\n\t\t\t\t<div class=\"elementor-element elementor-element-aa3c979 elementor-widget elementor-widget-text-editor\" data-id=\"aa3c979\" data-element_type=\"widget\" data-e-type=\"widget\" data-widget_type=\"text-editor.default\">\n\t\t\t\t<div class=\"elementor-widget-container\">\n\t\t\t\t\t<span id=aa3c979><\/span>\t\t\t\t<h2>Ein kleiner Tipp f\u00fcr Fotografen<\/h2><p>Wer Raureif fotografieren m\u00f6chte, sollte morgens losziehen, wenn die Temperaturen noch tief sind, und warme Kleidung ist nat\u00fcrlich ein Muss. Etwas \u00dcberbelichtung sorgt im RAW f\u00fcr mehr wei\u00dfe Kontraste.\u00a0<\/p><p><strong>Fazit:<\/strong> Das Fotos aus dem Hohen Vogelsberg zeigen, wie atemberaubend die Natur sein kann, wenn Nebel und Frost zusammenkommen. Es erinnert uns daran, wie magisch der Winter sein kann \u2013 und wie wichtig es ist, diese Momente festzuhalten. Wenn das Herz des Fotografen bei diesem Anblick nicht lacht, dann wissen wir auch nicht!<\/p>\t\t\t\t\t\t\t\t<\/div>\n\t\t\t\t<\/div>\n\t\t\t\t\t<\/div>\n\t\t\t\t<\/div>\n\t\t<div class=\"elementor-element elementor-element-1c9cbde e-flex e-con-boxed e-con e-parent\" data-id=\"1c9cbde\" data-element_type=\"container\" data-e-type=\"container\">\n\t\t\t\t\t<div class=\"e-con-inner\">\n\t\t\t\t<div class=\"elementor-element elementor-element-d305a13 elementor-widget elementor-widget-spacer\" data-id=\"d305a13\" data-element_type=\"widget\" data-e-type=\"widget\" data-widget_type=\"spacer.default\">\n\t\t\t\t<div class=\"elementor-widget-container\">\n\t\t\t\t\t<span id=d305a13><\/span>\t\t<div class=\"elementor-spacer\">\n\t\t\t<div class=\"elementor-spacer-inner\"><\/div>\n\t\t<\/div>\n\t\t\t\t\t\t<\/div>\n\t\t\t\t<\/div>\n\t\t\t\t<div class=\"elementor-element elementor-element-df8bd11 elementor-position-inline-start elementor-view-default elementor-mobile-position-block-start elementor-widget elementor-widget-icon-box\" data-id=\"df8bd11\" data-element_type=\"widget\" data-e-type=\"widget\" data-widget_type=\"icon-box.default\">\n\t\t\t\t<div class=\"elementor-widget-container\">\n\t\t\t\t\t<span id=df8bd11><\/span>\t\t<div class=\"elementor-icon-box-wrapper\">\n\n\t\t\t\t\t\t<div class=\"elementor-icon-box-icon\">\n\t\t\t\t<span  class=\"elementor-icon\">\n\t\t\t\t<i aria-hidden=\"true\" class=\"fas fa-info-circle\"><\/i>\t\t\t\t<\/span>\n\t\t\t<\/div>\n\t\t\t\n\t\t\t\t\t\t<div class=\"elementor-icon-box-content\">\n\n\t\t\t\t\t\t\t\t\t<h3 class=\"elementor-icon-box-title\">\n\t\t\t\t\t\t<span  >\n\t\t\t\t\t\t\tInfokasten zur Fototour\t\t\t\t\t\t<\/span>\n\t\t\t\t\t<\/h3>\n\t\t\t\t\n\t\t\t\t\t\t\t\t\t<p class=\"elementor-icon-box-description\">\n\t\t\t\t\t\tAlle Fotos entstanden an der Herchenhainer H\u00f6he. F\u00fcr die Aufnahmen verwendeten wir eine Vollformatkamera und eine APSC-Kamera. Zum Einsatz kamen Zoomobjektive mit Brennweiten von 24 bis 300 mm sowie Weitwinkelobjektive im Bereich von 14 bis 20 mm. Die RAW-Fotodaten (digitale Negative) werden von uns umfassend in Bildbearbeitungsprogrammen entwickelt und nachbearbeitet. <br><br>\nDer Einsatz unterschiedlicher Brennweiten bei einem identischen Motiv erm\u00f6glicht vielf\u00e4ltige Perspektiven und Bildwirkungen. W\u00e4hrend Weitwinkelobjektive die Weite der Landschaft betonen und ein Gef\u00fchl von Tiefe schaffen, verdichten l\u00e4ngere Brennweiten den Bildausschnitt, bringen entfernte Details n\u00e4her heran und isolieren bestimmte Motive innerhalb der Landschaft. So lassen sich durch die Wahl der Brennweite unterschiedliche Stimmungen und Interpretationen desselben Motivs erzielen.<br><br>\nAuch in der Nachbearbeitung legen wir gro\u00dfen Wert auf Details, insbesondere auf die Farbgestaltung sowie das gezielte Abwedeln und Nachbelichten von Bildbereichen. Diese Techniken sind f\u00fcr uns essenziell, um dreidimensionale Effekte zu erzeugen und die nat\u00fcrliche Wahrnehmung des menschlichen Auges nachzuahmen. Eine Kamera kann diese Feinheiten bei \u201eout of cam\u201c Fotos nicht einfangen, da sie aus physikalischen Gr\u00fcnden Licht und Kontrast weniger differenziert aufnimmt als das menschliche Auge. Durch gezieltes Aufhellen und Abdunkeln bestimmter Bereiche verleihen wir unseren Bildern Tiefe und Struktur, was oft den gr\u00f6\u00dften Aufwand in der Nachbearbeitung darstellt.\t\t\t\t\t<\/p>\n\t\t\t\t\n\t\t\t<\/div>\n\t\t\t\n\t\t<\/div>\n\t\t\t\t\t\t<\/div>\n\t\t\t\t<\/div>\n\t\t\t\t<div class=\"elementor-element elementor-element-9e194c9 elementor-widget elementor-widget-spacer\" data-id=\"9e194c9\" data-element_type=\"widget\" data-e-type=\"widget\" data-widget_type=\"spacer.default\">\n\t\t\t\t<div class=\"elementor-widget-container\">\n\t\t\t\t\t<span id=9e194c9><\/span>\t\t<div class=\"elementor-spacer\">\n\t\t\t<div class=\"elementor-spacer-inner\"><\/div>\n\t\t<\/div>\n\t\t\t\t\t\t<\/div>\n\t\t\t\t<\/div>\n\t\t\t\t<div class=\"elementor-element elementor-element-a190667 elementor-position-inline-end elementor-view-default elementor-mobile-position-block-start elementor-widget elementor-widget-icon-box\" data-id=\"a190667\" data-element_type=\"widget\" data-e-type=\"widget\" data-widget_type=\"icon-box.default\">\n\t\t\t\t<div class=\"elementor-widget-container\">\n\t\t\t\t\t<span id=a190667><\/span>\t\t<div class=\"elementor-icon-box-wrapper\">\n\n\t\t\t\t\t\t<div class=\"elementor-icon-box-icon\">\n\t\t\t\t<a href=\"https:\/\/maps.app.goo.gl\/r1fWzAKznGCzcXF16\" class=\"elementor-icon elementor-animation-pulse\" tabindex=\"-1\" aria-label=\"Anfahrt Herchenhainer H\u00f6he\">\n\t\t\t\t<i aria-hidden=\"true\" class=\"fas fa-link\"><\/i>\t\t\t\t<\/a>\n\t\t\t<\/div>\n\t\t\t\n\t\t\t\t\t\t<div class=\"elementor-icon-box-content\">\n\n\t\t\t\t\t\t\t\t\t<h3 class=\"elementor-icon-box-title\">\n\t\t\t\t\t\t<a href=\"https:\/\/maps.app.goo.gl\/r1fWzAKznGCzcXF16\" >\n\t\t\t\t\t\t\tAnfahrt Herchenhainer H\u00f6he\t\t\t\t\t\t<\/a>\n\t\t\t\t\t<\/h3>\n\t\t\t\t\n\t\t\t\t\t\t\t\t\t<p class=\"elementor-icon-box-description\">\n\t\t\t\t\t\tExterner GoogleMap Link\t\t\t\t\t<\/p>\n\t\t\t\t\n\t\t\t<\/div>\n\t\t\t\n\t\t<\/div>\n\t\t\t\t\t\t<\/div>\n\t\t\t\t<\/div>\n\t\t\t\t\t<\/div>\n\t\t\t\t<\/div>\n\t\t<div class=\"elementor-element elementor-element-5642b46 e-flex e-con-boxed e-con e-parent\" data-id=\"5642b46\" data-element_type=\"container\" data-e-type=\"container\">\n\t\t\t\t\t<div class=\"e-con-inner\">\n\t\t\t\t<div class=\"elementor-element elementor-element-2ee53e2 elementor-widget elementor-widget-spacer\" data-id=\"2ee53e2\" data-element_type=\"widget\" data-e-type=\"widget\" data-widget_type=\"spacer.default\">\n\t\t\t\t<div class=\"elementor-widget-container\">\n\t\t\t\t\t<span id=2ee53e2><\/span>\t\t<div class=\"elementor-spacer\">\n\t\t\t<div class=\"elementor-spacer-inner\"><\/div>\n\t\t<\/div>\n\t\t\t\t\t\t<\/div>\n\t\t\t\t<\/div>\n\t\t\t\t<div class=\"elementor-element elementor-element-8fb03cd elementor-widget-divider--view-line elementor-widget elementor-widget-divider\" data-id=\"8fb03cd\" data-element_type=\"widget\" data-e-type=\"widget\" data-widget_type=\"divider.default\">\n\t\t\t\t<div class=\"elementor-widget-container\">\n\t\t\t\t\t<span id=8fb03cd><\/span>\t\t<div class=\"elementor-divider\">\n\t\t\t<span class=\"elementor-divider-separator\">\n\t\t\t\t\t\t<\/span>\n\t\t<\/div>\n\t\t\t\t\t\t<\/div>\n\t\t\t\t<\/div>\n\t\t\t\t\t<\/div>\n\t\t\t\t<\/div>\n\t\t\t\t<section class=\"elementor-section elementor-top-section elementor-element elementor-element-7998d5a elementor-section-boxed elementor-section-height-default elementor-section-height-default\" data-id=\"7998d5a\" data-element_type=\"section\" data-e-type=\"section\">\n\t\t\t\t\t\t<div class=\"elementor-container elementor-column-gap-default\">\n\t\t\t\t\t<div class=\"elementor-column elementor-col-100 elementor-top-column elementor-element elementor-element-70263ad\" data-id=\"70263ad\" data-element_type=\"column\" data-e-type=\"column\">\n\t\t\t<div class=\"elementor-widget-wrap elementor-element-populated\">\n\t\t\t\t\t\t<div class=\"elementor-element elementor-element-f0f9a18 elementor-widget elementor-widget-heading\" data-id=\"f0f9a18\" data-element_type=\"widget\" data-e-type=\"widget\" data-widget_type=\"heading.default\">\n\t\t\t\t<div class=\"elementor-widget-container\">\n\t\t\t\t\t<span id=f0f9a18><\/span><h2 class=\"elementor-heading-title elementor-size-default\">Sch\u00f6ne Wanderrouten<\/h2>\t\t\t\t<\/div>\n\t\t\t\t<\/div>\n\t\t\t\t<div class=\"elementor-element elementor-element-21a6e70 elementor-widget elementor-widget-text-editor\" data-id=\"21a6e70\" data-element_type=\"widget\" data-e-type=\"widget\" data-widget_type=\"text-editor.default\">\n\t\t\t\t<div class=\"elementor-widget-container\">\n\t\t\t\t\t<span id=21a6e70><\/span>\t\t\t\t<p><strong>Du m\u00f6chtest mehr \u00fcber unsere Vulkanregion Vogelsberg erfahren?<\/strong><br>Dann empfehlen wir Dir hier gerne die offizielle <a href=\"https:\/\/www.vogelsberg-touristik.de\" target=\"_blank\" rel=\"noopener\">Touristikwebseite der Region Vogelsberg<\/a><strong>&nbsp;<\/strong>(externer Link)<\/p>\t\t\t\t\t\t\t\t<\/div>\n\t\t\t\t<\/div>\n\t\t\t\t\t<\/div>\n\t\t<\/div>\n\t\t\t\t\t<\/div>\n\t\t<\/section>\n\t\t\t\t<section class=\"elementor-section elementor-top-section elementor-element elementor-element-858831c elementor-section-boxed elementor-section-height-default elementor-section-height-default\" data-id=\"858831c\" data-element_type=\"section\" data-e-type=\"section\">\n\t\t\t\t\t\t<div class=\"elementor-container elementor-column-gap-default\">\n\t\t\t\t\t<div class=\"elementor-column elementor-col-100 elementor-top-column elementor-element elementor-element-ec587db\" data-id=\"ec587db\" data-element_type=\"column\" data-e-type=\"column\">\n\t\t\t<div class=\"elementor-widget-wrap elementor-element-populated\">\n\t\t\t\t\t\t\t<\/div>\n\t\t<\/div>\n\t\t\t\t\t<\/div>\n\t\t<\/section>\n\t\t\t\t<section class=\"elementor-section elementor-top-section elementor-element elementor-element-2d9118ce elementor-section-content-middle elementor-section-boxed elementor-section-height-default elementor-section-height-default\" data-id=\"2d9118ce\" data-element_type=\"section\" data-e-type=\"section\">\n\t\t\t\t\t\t<div class=\"elementor-container elementor-column-gap-wider\">\n\t\t\t\t\t<div class=\"elementor-column elementor-col-50 elementor-top-column elementor-element elementor-element-685f96e2\" data-id=\"685f96e2\" data-element_type=\"column\" data-e-type=\"column\">\n\t\t\t<div class=\"elementor-widget-wrap elementor-element-populated\">\n\t\t\t\t\t\t<div class=\"elementor-element elementor-element-109281be elementor-widget elementor-widget-image\" data-id=\"109281be\" data-element_type=\"widget\" data-e-type=\"widget\" data-widget_type=\"image.default\">\n\t\t\t\t<div class=\"elementor-widget-container\">\n\t\t\t\t\t<span id=109281be><\/span>\t\t\t\t\t\t\t\t\t\t<img loading=\"lazy\" decoding=\"async\" width=\"1000\" height=\"972\" src=\"https:\/\/vogelsberg-blog.de\/blog\/wp-content\/uploads\/2022\/12\/Uve-Leidenschaft-Fotografie.jpg\" class=\"attachment-full size-full wp-image-7482\" alt=\"Uve - Leidenschaft - Fotografie - Team Vogelsbergliebe\" srcset=\"https:\/\/vogelsberg-blog.de\/blog\/wp-content\/uploads\/2022\/12\/Uve-Leidenschaft-Fotografie.jpg 1000w, https:\/\/vogelsberg-blog.de\/blog\/wp-content\/uploads\/2022\/12\/Uve-Leidenschaft-Fotografie-250x243.jpg 250w, https:\/\/vogelsberg-blog.de\/blog\/wp-content\/uploads\/2022\/12\/Uve-Leidenschaft-Fotografie-768x746.jpg 768w\" sizes=\"(max-width: 1000px) 100vw, 1000px\" \/>\t\t\t\t\t\t\t\t\t\t\t\t\t\t\t<\/div>\n\t\t\t\t<\/div>\n\t\t\t\t\t<\/div>\n\t\t<\/div>\n\t\t\t\t<div class=\"elementor-column elementor-col-50 elementor-top-column elementor-element elementor-element-4a3e45c\" data-id=\"4a3e45c\" data-element_type=\"column\" data-e-type=\"column\">\n\t\t\t<div class=\"elementor-widget-wrap elementor-element-populated\">\n\t\t\t\t\t\t<div class=\"elementor-element elementor-element-2f06da32 elementor-view-default elementor-widget elementor-widget-icon\" data-id=\"2f06da32\" data-element_type=\"widget\" data-e-type=\"widget\" data-widget_type=\"icon.default\">\n\t\t\t\t<div class=\"elementor-widget-container\">\n\t\t\t\t\t<span id=2f06da32><\/span>\t\t<div class=\"elementor-icon-wrapper\">\n\t\t\t<div class=\"elementor-icon\">\n\t\t\t<i aria-hidden=\"true\" class=\"fas fa-quote-left\"><\/i>\t\t\t<\/div>\n\t\t<\/div>\n\t\t\t\t\t\t<\/div>\n\t\t\t\t<\/div>\n\t\t\t\t<div class=\"elementor-element elementor-element-54f82755 elementor-widget elementor-widget-text-editor\" data-id=\"54f82755\" data-element_type=\"widget\" data-e-type=\"widget\" data-widget_type=\"text-editor.default\">\n\t\t\t\t<div class=\"elementor-widget-container\">\n\t\t\t\t\t<span id=54f82755><\/span>\t\t\t\t<p>Es freut mich sehr, dass du den Blog zu Ende gelsen hast. Du m\u00f6chtest unser Vogelsbergliebe-Team unterst\u00fctzen? Dann schaue doch mal in unserem <a href=\"https:\/\/www.pictrs.com\/vogelsbergliebe\"><strong>DRUCKSHOP<\/strong><\/a> vorbei. Hier haben wir ausw\u00e4hlbare Fotos bereitgestellt, die Du auf <strong>Leine,<\/strong> <strong>Alu-Dibond<\/strong>, hinter <strong>Acrylglas<\/strong> oder auf&nbsp;<strong>FineArt Hahnem\u00fchle<\/strong> <b>Papier<\/b> zum selbst einrahmen drucken lassen kannst. Nat\u00fcrlich sind alle Fotos vom Vogelsbergliebe-Team.<\/p>\t\t\t\t\t\t\t\t<\/div>\n\t\t\t\t<\/div>\n\t\t\t\t<div class=\"elementor-element elementor-element-b205cdb elementor-widget elementor-widget-heading\" data-id=\"b205cdb\" data-element_type=\"widget\" data-e-type=\"widget\" data-widget_type=\"heading.default\">\n\t\t\t\t<div class=\"elementor-widget-container\">\n\t\t\t\t\t<span id=b205cdb><\/span><h2 class=\"elementor-heading-title elementor-size-default\">Uve<\/h2>\t\t\t\t<\/div>\n\t\t\t\t<\/div>\n\t\t\t\t<div class=\"elementor-element elementor-element-13a9d5a9 elementor-widget elementor-widget-heading\" data-id=\"13a9d5a9\" data-element_type=\"widget\" data-e-type=\"widget\" data-widget_type=\"heading.default\">\n\t\t\t\t<div class=\"elementor-widget-container\">\n\t\t\t\t\t<span id=13a9d5a9><\/span><h2 class=\"elementor-heading-title elementor-size-default\">Team Vogelsbergliebe<\/h2>\t\t\t\t<\/div>\n\t\t\t\t<\/div>\n\t\t\t\t\t<\/div>\n\t\t<\/div>\n\t\t\t\t\t<\/div>\n\t\t<\/section>\n\t\t\t\t<section class=\"elementor-section elementor-top-section elementor-element elementor-element-e3bda56 elementor-section-boxed elementor-section-height-default elementor-section-height-default\" data-id=\"e3bda56\" data-element_type=\"section\" data-e-type=\"section\">\n\t\t\t\t\t\t<div class=\"elementor-container elementor-column-gap-default\">\n\t\t\t\t\t<div class=\"elementor-column elementor-col-100 elementor-top-column elementor-element elementor-element-e2db43c\" data-id=\"e2db43c\" data-element_type=\"column\" data-e-type=\"column\">\n\t\t\t<div class=\"elementor-widget-wrap elementor-element-populated\">\n\t\t\t\t\t\t<div class=\"elementor-element elementor-element-4a3e761 elementor-widget elementor-widget-spacer\" data-id=\"4a3e761\" data-element_type=\"widget\" data-e-type=\"widget\" data-widget_type=\"spacer.default\">\n\t\t\t\t<div class=\"elementor-widget-container\">\n\t\t\t\t\t<span id=4a3e761><\/span>\t\t<div class=\"elementor-spacer\">\n\t\t\t<div class=\"elementor-spacer-inner\"><\/div>\n\t\t<\/div>\n\t\t\t\t\t\t<\/div>\n\t\t\t\t<\/div>\n\t\t\t\t\t<\/div>\n\t\t<\/div>\n\t\t\t\t\t<\/div>\n\t\t<\/section>\n\t\t\t\t<section class=\"elementor-section elementor-top-section elementor-element elementor-element-50930a70 elementor-section-content-middle elementor-section-boxed elementor-section-height-default elementor-section-height-default\" data-id=\"50930a70\" data-element_type=\"section\" data-e-type=\"section\" data-settings=\"{&quot;background_background&quot;:&quot;classic&quot;}\">\n\t\t\t\t\t\t\t<div class=\"elementor-background-overlay\"><\/div>\n\t\t\t\t\t\t\t<div class=\"elementor-container elementor-column-gap-no\">\n\t\t\t\t\t<div class=\"elementor-column elementor-col-100 elementor-top-column elementor-element elementor-element-13689f34\" data-id=\"13689f34\" data-element_type=\"column\" data-e-type=\"column\">\n\t\t\t<div class=\"elementor-widget-wrap elementor-element-populated\">\n\t\t\t\t\t\t<div class=\"elementor-element elementor-element-1fa1b9db elementor-widget elementor-widget-heading\" data-id=\"1fa1b9db\" data-element_type=\"widget\" data-e-type=\"widget\" data-widget_type=\"heading.default\">\n\t\t\t\t<div class=\"elementor-widget-container\">\n\t\t\t\t\t<span id=1fa1b9db><\/span><h4 class=\"elementor-heading-title elementor-size-default\">Du findest uns Interessant?<\/h4>\t\t\t\t<\/div>\n\t\t\t\t<\/div>\n\t\t\t\t<div class=\"elementor-element elementor-element-4bb1fd64 elementor-widget elementor-widget-heading\" data-id=\"4bb1fd64\" data-element_type=\"widget\" data-e-type=\"widget\" data-widget_type=\"heading.default\">\n\t\t\t\t<div class=\"elementor-widget-container\">\n\t\t\t\t\t<span id=4bb1fd64><\/span><h5 class=\"elementor-heading-title elementor-size-default\">Dann Verpasse nichts und abonniere unseren Newsletter<\/h5>\t\t\t\t<\/div>\n\t\t\t\t<\/div>\n\t\t\t\t<div class=\"elementor-element elementor-element-3f7cabe elementor-align-center elementor-widget elementor-widget-button\" data-id=\"3f7cabe\" data-element_type=\"widget\" data-e-type=\"widget\" data-widget_type=\"button.default\">\n\t\t\t\t<div class=\"elementor-widget-container\">\n\t\t\t\t\t<span id=3f7cabe><\/span>\t\t\t\t<div class=\"elementor-button-wrapper\">\n\t\t\t\t\t<a class=\"elementor-button elementor-button-link elementor-size-sm\" href=\"https:\/\/vogelsberg-blog.de\/blog\/unser-newsletter\/\">\n\t\t\t\t\t\t<span class=\"elementor-button-content-wrapper\">\n\t\t\t\t\t\t\t\t\t<span class=\"elementor-button-text\">ZUM NEWSLETTER ABO<\/span>\n\t\t\t\t\t<\/span>\n\t\t\t\t\t<\/a>\n\t\t\t\t<\/div>\n\t\t\t\t\t\t\t\t<\/div>\n\t\t\t\t<\/div>\n\t\t\t\t\t<\/div>\n\t\t<\/div>\n\t\t\t\t\t<\/div>\n\t\t<\/section>\n\t\t<div class=\"elementor-element elementor-element-1b75803 e-flex e-con-boxed e-con e-parent\" data-id=\"1b75803\" data-element_type=\"container\" data-e-type=\"container\">\n\t\t\t\t\t<div class=\"e-con-inner\">\n\t\t\t\t\t<\/div>\n\t\t\t\t<\/div>\n\t\t\t\t<\/div>\n\t\t","protected":false},"excerpt":{"rendered":"<p>Wenn der Winter sein stilles Kleid ausbreitet und Minustemperaturen mit hoher Luftfeuchtigkeit zusammentreffen, entstehen im Hohen Vogelsberg \u2013 ab einer H\u00f6henlage von etwa 600 Metern \u2013 traumhafte Naturph\u00e4nomene.<\/p>\n","protected":false},"author":1,"featured_media":11579,"comment_status":"open","ping_status":"open","sticky":false,"template":"","format":"standard","meta":{"_uag_custom_page_level_css":"","generate_page_header":"","footnotes":""},"categories":[94,214,220],"tags":[55,172,12,168,57],"class_list":["post-11574","post","type-post","status-publish","format-standard","has-post-thumbnail","hentry","category-aktuelles","category-blog","category-winter","tag-fotografie","tag-fotowalk","tag-herbst","tag-vulkan-region-vogelsberg","tag-youtube","infinite-scroll-item"],"aioseo_notices":[],"uagb_featured_image_src":{"full":["https:\/\/vogelsberg-blog.de\/blog\/wp-content\/uploads\/2024\/12\/20241215-DSC03111.jpeg",1600,1067,false],"thumbnail":["https:\/\/vogelsberg-blog.de\/blog\/wp-content\/uploads\/2024\/12\/20241215-DSC03111-660x300.jpeg",660,300,true],"medium":["https:\/\/vogelsberg-blog.de\/blog\/wp-content\/uploads\/2024\/12\/20241215-DSC03111-250x167.jpeg",250,167,true],"medium_large":["https:\/\/vogelsberg-blog.de\/blog\/wp-content\/uploads\/2024\/12\/20241215-DSC03111-768x512.jpeg",768,512,true],"large":["https:\/\/vogelsberg-blog.de\/blog\/wp-content\/uploads\/2024\/12\/20241215-DSC03111-1024x683.jpeg",1024,683,true],"1536x1536":["https:\/\/vogelsberg-blog.de\/blog\/wp-content\/uploads\/2024\/12\/20241215-DSC03111-1536x1024.jpeg",1536,1024,true],"2048x2048":["https:\/\/vogelsberg-blog.de\/blog\/wp-content\/uploads\/2024\/12\/20241215-DSC03111.jpeg",1600,1067,false],"wp_review_large":["https:\/\/vogelsberg-blog.de\/blog\/wp-content\/uploads\/2024\/12\/20241215-DSC03111-320x200.jpeg",320,200,true],"wp_review_small":["https:\/\/vogelsberg-blog.de\/blog\/wp-content\/uploads\/2024\/12\/20241215-DSC03111-65x65.jpeg",65,65,true],"mailpoet_newsletter_max":["https:\/\/vogelsberg-blog.de\/blog\/wp-content\/uploads\/2024\/12\/20241215-DSC03111-1320x880.jpeg",1320,880,true]},"uagb_author_info":{"display_name":"VB - Admin","author_link":"https:\/\/vogelsberg-blog.de\/blog\/author\/pixelladen\/"},"uagb_comment_info":0,"uagb_excerpt":"Wenn der Winter sein stilles Kleid ausbreitet und Minustemperaturen mit hoher Luftfeuchtigkeit zusammentreffen, entstehen im Hohen Vogelsberg \u2013 ab einer H\u00f6henlage von etwa 600 Metern \u2013 traumhafte Naturph\u00e4nomene.","_links":{"self":[{"href":"https:\/\/vogelsberg-blog.de\/blog\/wp-json\/wp\/v2\/posts\/11574","targetHints":{"allow":["GET"]}}],"collection":[{"href":"https:\/\/vogelsberg-blog.de\/blog\/wp-json\/wp\/v2\/posts"}],"about":[{"href":"https:\/\/vogelsberg-blog.de\/blog\/wp-json\/wp\/v2\/types\/post"}],"author":[{"embeddable":true,"href":"https:\/\/vogelsberg-blog.de\/blog\/wp-json\/wp\/v2\/users\/1"}],"replies":[{"embeddable":true,"href":"https:\/\/vogelsberg-blog.de\/blog\/wp-json\/wp\/v2\/comments?post=11574"}],"version-history":[{"count":13,"href":"https:\/\/vogelsberg-blog.de\/blog\/wp-json\/wp\/v2\/posts\/11574\/revisions"}],"predecessor-version":[{"id":11595,"href":"https:\/\/vogelsberg-blog.de\/blog\/wp-json\/wp\/v2\/posts\/11574\/revisions\/11595"}],"wp:featuredmedia":[{"embeddable":true,"href":"https:\/\/vogelsberg-blog.de\/blog\/wp-json\/wp\/v2\/media\/11579"}],"wp:attachment":[{"href":"https:\/\/vogelsberg-blog.de\/blog\/wp-json\/wp\/v2\/media?parent=11574"}],"wp:term":[{"taxonomy":"category","embeddable":true,"href":"https:\/\/vogelsberg-blog.de\/blog\/wp-json\/wp\/v2\/categories?post=11574"},{"taxonomy":"post_tag","embeddable":true,"href":"https:\/\/vogelsberg-blog.de\/blog\/wp-json\/wp\/v2\/tags?post=11574"}],"curies":[{"name":"wp","href":"https:\/\/api.w.org\/{rel}","templated":true}]}}