{"id":11964,"date":"2025-11-09T18:02:57","date_gmt":"2025-11-09T17:02:57","guid":{"rendered":"https:\/\/vogelsberg-blog.de\/blog\/?p=11964"},"modified":"2025-11-09T18:29:51","modified_gmt":"2025-11-09T17:29:51","slug":"weihnachtsmaerkte-im-vogelsberg-2026","status":"publish","type":"post","link":"https:\/\/vogelsberg-blog.de\/blog\/weihnachtsmaerkte-im-vogelsberg-2026\/","title":{"rendered":"Weihnachtsm\u00e4rkte im Vogelsberg 2025"},"content":{"rendered":"\t\t<div data-elementor-type=\"wp-post\" data-elementor-id=\"11964\" class=\"elementor elementor-11964\" data-elementor-post-type=\"post\">\n\t\t\t\t<div class=\"elementor-element elementor-element-695cdbd6 e-flex e-con-boxed e-con e-parent\" data-id=\"695cdbd6\" data-element_type=\"container\" data-e-type=\"container\">\n\t\t\t\t\t<div class=\"e-con-inner\">\n\t\t\t\t<div class=\"elementor-element elementor-element-1ce4ec89 elementor-widget elementor-widget-text-editor\" data-id=\"1ce4ec89\" data-element_type=\"widget\" data-e-type=\"widget\" data-widget_type=\"text-editor.default\">\n\t\t\t\t<div class=\"elementor-widget-container\">\n\t\t\t\t\t<span id=1ce4ec89><\/span>\t\t\t\t<p><\/p>\n<div class=\"wp-block-uagb-advanced-heading uagb-block-bdaafe66\">\n<h1 class=\"uagb-heading-text\">Weihnachtsm\u00e4rkte im Vogelsberg 2025<\/h1>\n<p class=\"uagb-desc-text\"><strong>Die Vogelsberger Weihnachtsm\u00e4rkte sind immer etwas besonderes. Hier haben wir die beliebtesten unserer Region f\u00fcr das Jahr 2025 aufgelistet<\/strong>.<br><em>Alle Angaben ohne Gew\u00e4hr! Kein Anspruch auf Vollst\u00e4ndigkeit!<\/em><\/p>\n<\/div>\n<p><\/p>\n<div class=\"wp-block-spacer\" style=\"height: 29px;\" aria-hidden=\"true\">&nbsp;<\/div>\n<p><\/p>\n<table style=\"width: 100%; height: 1260px;\">\n<thead>\n<tr style=\"height: 25px;\">\n<th style=\"height: 25px;\">\n<p class=\"p1\"><b>Ort \/ Stadt<\/b><\/p>\n<\/th>\n<th style=\"height: 25px;\">\n<p class=\"p1\"><b>Veranstaltung \/ Bezeichnung<\/b><\/p>\n<\/th>\n<th style=\"height: 25px;\">\n<p class=\"p1\"><b>Datum 2025<\/b><\/p>\n<\/th>\n<th style=\"height: 25px;\">\n<p class=\"p1\"><b>Ort \/ Veranstaltungsort<\/b><\/p>\n<\/th>\n<th style=\"height: 25px;\">\n<p class=\"p1\"><b>Besonderheiten \/ Highlights<\/b><\/p>\n<\/th>\n<\/tr>\n<\/thead>\n<tbody>\n<tr style=\"height: 143px;\">\n<td style=\"height: 143px;\">\n<p class=\"p1\"><b>Alsfeld<\/b><\/p>\n<\/td>\n<td style=\"height: 143px;\">\n<p class=\"p1\">Alsfelder Weihnachtsmarkt<\/p>\n<\/td>\n<td style=\"height: 143px;\">\n<p class=\"p1\">05.\u201314. Dez (versch. Tage)<\/p>\n<\/td>\n<td style=\"height: 143px;\">\n<p class=\"p1\">Marktplatz, Altstadt Alsfeld<\/p>\n<\/td>\n<td style=\"height: 143px;\">\n<p class=\"p1\">Historischer Markt, M\u00e4rchenb\u00fchne, Kunsthandwerk, Musikprogramm<\/p>\n<\/td>\n<\/tr>\n<tr style=\"height: 117px;\">\n<td style=\"height: 117px;\">\n<p class=\"p1\"><b>Romrod<\/b><\/p>\n<\/td>\n<td style=\"height: 117px;\">\n<p class=\"p1\">32. Weihnachtsmarkt Romrod<\/p>\n<\/td>\n<td style=\"height: 117px;\">\n<p class=\"p1\">06.\u201307. Dez<\/p>\n<\/td>\n<td style=\"height: 117px;\">\n<p class=\"p1\">Alsfelder Str. 7, Romrod<\/p>\n<\/td>\n<td style=\"height: 117px;\">\n<p class=\"p1\">Famili\u00e4rer Markt rund ums Schloss, lokale Vereine<\/p>\n<\/td>\n<\/tr>\n<tr style=\"height: 117px;\">\n<td style=\"height: 117px;\">\n<p class=\"p1\"><b>Lauterbach<\/b><\/p>\n<\/td>\n<td style=\"height: 117px;\">\n<p class=\"p1\">Lauterbacher Weihnachtsmarkt<\/p>\n<\/td>\n<td style=\"height: 117px;\">\n<p class=\"p1\">05.\u201307. Dez &amp; 12.\u201314. Dez<\/p>\n<\/td>\n<td style=\"height: 117px;\">\n<p class=\"p1\">Garten des Hohhaus-Palais<\/p>\n<\/td>\n<td style=\"height: 117px;\">\n<p class=\"p1\">Regional, traditionell mit Livemusik, Gl\u00fchwein &amp; Handwerk<\/p>\n<\/td>\n<\/tr>\n<tr style=\"height: 91px;\">\n<td style=\"height: 91px;\">\n<p class=\"p1\"><b>Schotten (Hoherodskopf)<\/b><\/p>\n<\/td>\n<td style=\"height: 91px;\">\n<p class=\"p1\">Romantische Bergweihnacht<\/p>\n<\/td>\n<td style=\"height: 91px;\">\n<p class=\"p1\">20.\u201321. Dez<\/p>\n<\/td>\n<td style=\"height: 91px;\">\n<p class=\"p1\">Erlebnisberg Hoherodskopf<\/p>\n<\/td>\n<td style=\"height: 91px;\">\n<p class=\"p1\">Weihnachtsstimmung in 700 m H\u00f6he, Wald-Ambiente<\/p>\n<\/td>\n<\/tr>\n<tr style=\"height: 117px;\">\n<td style=\"height: 117px;\">\n<p class=\"p1\"><b>Gedern<\/b><\/p>\n<\/td>\n<td style=\"height: 117px;\">\n<p class=\"p1\">Nickelches M\u00e4\u00e4rt<\/p>\n<\/td>\n<td style=\"height: 117px;\">\n<p class=\"p1\">29.\u201330. Nov<\/p>\n<\/td>\n<td style=\"height: 117px;\">\n<p class=\"p1\">Schloss Gedern<\/p>\n<\/td>\n<td style=\"height: 117px;\">\n<p class=\"p1\">Historischer Markt mit Kunsthandwerk &amp; Schlossflair<\/p>\n<\/td>\n<\/tr>\n<tr style=\"height: 117px;\">\n<td style=\"height: 117px;\">\n<p class=\"p1\"><b>Altenstadt<\/b><\/p>\n<\/td>\n<td style=\"height: 117px;\">\n<p class=\"p1\">Altenst\u00e4dter Weihnachtszauber<\/p>\n<\/td>\n<td style=\"height: 117px;\">\n<p class=\"p1\">29. Nov \/ 06. Dez \/ 13.\u201314. Dez \/ 23. Dez (je nach Ortsteil)<\/p>\n<\/td>\n<td style=\"height: 117px;\">\n<p class=\"p1\">Verschiedene Ortsteile<\/p>\n<\/td>\n<td style=\"height: 117px;\">\n<p class=\"p1\">Kleine M\u00e4rkte mit Dorffeuer &amp; Musik, wechselnde Veranstalter<\/p>\n<\/td>\n<\/tr>\n<tr style=\"height: 91px;\">\n<td style=\"height: 91px;\">\n<p class=\"p1\"><b>Freiensteinau<\/b><\/p>\n<\/td>\n<td style=\"height: 91px;\">\n<p class=\"p1\">Weihnachtsmarkt Freiensteinau<\/p>\n<\/td>\n<td style=\"height: 91px;\">\n<p class=\"p1\">06.\u201307. Dez<\/p>\n<\/td>\n<td style=\"height: 91px;\">\n<p class=\"p1\">B\u00fcrgerhaus &amp; Au\u00dfenbereich<\/p>\n<\/td>\n<td style=\"height: 91px;\">\n<p class=\"p1\">Vereine &amp; Handwerk, Nikolausbesuch<\/p>\n<\/td>\n<\/tr>\n<tr style=\"height: 117px;\">\n<td style=\"height: 117px;\">\n<p class=\"p1\"><b>Schlitz<\/b><\/p>\n<\/td>\n<td style=\"height: 117px;\">\n<p class=\"p1\">Burgenweihnacht Schlitz<\/p>\n<\/td>\n<td style=\"height: 117px;\">\n<p class=\"p1\">29.\u201330. Nov, 05.\u201307. Dez, 13.\u201314. Dez, 20.\u201321. Dez<\/p>\n<\/td>\n<td style=\"height: 117px;\">\n<p class=\"p1\">Marktplatz, Altstadt Schlitz<\/p>\n<\/td>\n<td style=\"height: 117px;\">\n<p class=\"p1\">Gr\u00f6\u00dfte \u201eKerze der Welt\u201c (42 m Bergfried), mittelalterliche Kulisse<\/p>\n<\/td>\n<\/tr>\n<tr style=\"height: 91px;\">\n<td style=\"height: 91px;\">\n<p class=\"p1\"><b>Laubach<\/b><\/p>\n<\/td>\n<td style=\"height: 91px;\">\n<p class=\"p1\">Laubacher Weihnachtsmarkt<\/p>\n<\/td>\n<td style=\"height: 91px;\">\n<p class=\"p1\">29.\u201330. Nov<\/p>\n<\/td>\n<td style=\"height: 91px;\">\n<p class=\"p1\">Marktplatz &amp; Kirchplatz Laubach<\/p>\n<\/td>\n<td style=\"height: 91px;\">\n<p class=\"p1\">M\u00e4rchenhafte Budenstadt mit B\u00fchnenprogramm<\/p>\n<\/td>\n<\/tr>\n<tr style=\"height: 117px;\">\n<td style=\"height: 117px;\">\n<p class=\"p1\"><b>Hungen<\/b><\/p>\n<\/td>\n<td style=\"height: 117px;\">\n<p class=\"p1\">Hungener Adventsmarkt<\/p>\n<\/td>\n<td style=\"height: 117px;\">\n<p class=\"p1\">06. Dez<\/p>\n<\/td>\n<td style=\"height: 117px;\">\n<p class=\"p1\">Am Zwenger \/ Kulturzentrum Alte Grundschule<\/p>\n<\/td>\n<td style=\"height: 117px;\">\n<p class=\"p1\">Kunsthandwerk &amp; regionale Spezialit\u00e4ten<\/p>\n<\/td>\n<\/tr>\n<tr style=\"height: 117px;\">\n<td style=\"height: 117px;\">\n<p class=\"p1\"><b>Gr\u00fcnberg<\/b><\/p>\n<\/td>\n<td style=\"height: 117px;\">\n<p class=\"p1\">Gr\u00fcnberger Weihnachtsmarkt \u201eSternenzauber\u201c<\/p>\n<\/td>\n<td style=\"height: 117px;\">\n<p class=\"p1\">05.\u201307. Dez<\/p>\n<\/td>\n<td style=\"height: 117px;\">\n<p class=\"p1\">Marktplatz Gr\u00fcnberg<\/p>\n<\/td>\n<td style=\"height: 117px;\">\n<p class=\"p1\">Musik, Kunsthandwerk, Lichterglanz in der Altstadt<\/p><\/td><\/tr><\/tbody><\/table><figure class=\"wp-block-gallery has-nested-images columns-default is-cropped\">\n<p><\/p><\/figure>\n<p><!-- \/wp:gallery --><\/p>\t\t\t\t\t\t\t\t<\/div>\n\t\t\t\t<\/div>\n\t\t\t\t<div class=\"elementor-element elementor-element-46b41df elementor-widget elementor-widget-spacer\" data-id=\"46b41df\" data-element_type=\"widget\" data-e-type=\"widget\" data-widget_type=\"spacer.default\">\n\t\t\t\t<div class=\"elementor-widget-container\">\n\t\t\t\t\t<span id=46b41df><\/span>\t\t<div class=\"elementor-spacer\">\n\t\t\t<div class=\"elementor-spacer-inner\"><\/div>\n\t\t<\/div>\n\t\t\t\t\t\t<\/div>\n\t\t\t\t<\/div>\n\t\t\t\t\t<\/div>\n\t\t\t\t<\/div>\n\t\t<div class=\"elementor-element elementor-element-d8fe101 e-flex e-con-boxed e-con e-parent\" data-id=\"d8fe101\" data-element_type=\"container\" data-e-type=\"container\">\n\t\t\t\t\t<div class=\"e-con-inner\">\n\t\t\t\t<div class=\"elementor-element elementor-element-33437a4 elementor-widget elementor-widget-heading\" data-id=\"33437a4\" data-element_type=\"widget\" data-e-type=\"widget\" data-widget_type=\"heading.default\">\n\t\t\t\t<div class=\"elementor-widget-container\">\n\t\t\t\t\t<span id=33437a4><\/span><h2 class=\"elementor-heading-title elementor-size-default\">Unser Vogelsbergkalender 2026 ist wieder da!<\/h2>\t\t\t\t<\/div>\n\t\t\t\t<\/div>\n\t\t\t\t\t<\/div>\n\t\t\t\t<\/div>\n\t\t<div class=\"elementor-element elementor-element-0e6c526 e-flex e-con-boxed e-con e-parent\" data-id=\"0e6c526\" data-element_type=\"container\" data-e-type=\"container\">\n\t\t\t\t\t<div class=\"e-con-inner\">\n\t\t\t\t<div class=\"elementor-element elementor-element-369c84a elementor-widget elementor-widget-image\" data-id=\"369c84a\" data-element_type=\"widget\" data-e-type=\"widget\" data-widget_type=\"image.default\">\n\t\t\t\t<div class=\"elementor-widget-container\">\n\t\t\t\t\t<span id=369c84a><\/span>\t\t\t\t\t\t\t\t\t\t<img fetchpriority=\"high\" decoding=\"async\" width=\"1574\" height=\"1116\" src=\"https:\/\/vogelsberg-blog.de\/blog\/wp-content\/uploads\/2025\/11\/IMG_4008.jpg\" class=\"attachment-full size-full wp-image-11952\" alt=\"Vogelsbergkalender-2026\" srcset=\"https:\/\/vogelsberg-blog.de\/blog\/wp-content\/uploads\/2025\/11\/IMG_4008.jpg 1574w, https:\/\/vogelsberg-blog.de\/blog\/wp-content\/uploads\/2025\/11\/IMG_4008-250x177.jpg 250w, https:\/\/vogelsberg-blog.de\/blog\/wp-content\/uploads\/2025\/11\/IMG_4008-1024x726.jpg 1024w, https:\/\/vogelsberg-blog.de\/blog\/wp-content\/uploads\/2025\/11\/IMG_4008-768x545.jpg 768w, https:\/\/vogelsberg-blog.de\/blog\/wp-content\/uploads\/2025\/11\/IMG_4008-1536x1089.jpg 1536w, https:\/\/vogelsberg-blog.de\/blog\/wp-content\/uploads\/2025\/11\/IMG_4008-1320x936.jpg 1320w\" sizes=\"(max-width: 1574px) 100vw, 1574px\" \/>\t\t\t\t\t\t\t\t\t\t\t\t\t\t\t<\/div>\n\t\t\t\t<\/div>\n\t\t\t\t\t<\/div>\n\t\t\t\t<\/div>\n\t\t<div class=\"elementor-element elementor-element-f5dd7be e-grid e-con-boxed e-con e-parent\" data-id=\"f5dd7be\" data-element_type=\"container\" data-e-type=\"container\">\n\t\t\t\t\t<div class=\"e-con-inner\">\n\t\t\t\t<div class=\"elementor-element elementor-element-98d464f elementor-widget elementor-widget-image\" data-id=\"98d464f\" data-element_type=\"widget\" data-e-type=\"widget\" data-widget_type=\"image.default\">\n\t\t\t\t<div class=\"elementor-widget-container\">\n\t\t\t\t\t<span id=98d464f><\/span>\t\t\t\t\t\t\t\t\t\t<img decoding=\"async\" width=\"800\" height=\"567\" src=\"https:\/\/vogelsberg-blog.de\/blog\/wp-content\/uploads\/2025\/11\/IMG_4002-1024x726.jpg\" class=\"attachment-large size-large wp-image-11935\" alt=\"Vogelsbergkalender-2026\" srcset=\"https:\/\/vogelsberg-blog.de\/blog\/wp-content\/uploads\/2025\/11\/IMG_4002-1024x726.jpg 1024w, https:\/\/vogelsberg-blog.de\/blog\/wp-content\/uploads\/2025\/11\/IMG_4002-250x177.jpg 250w, https:\/\/vogelsberg-blog.de\/blog\/wp-content\/uploads\/2025\/11\/IMG_4002-768x545.jpg 768w, https:\/\/vogelsberg-blog.de\/blog\/wp-content\/uploads\/2025\/11\/IMG_4002-1536x1089.jpg 1536w, https:\/\/vogelsberg-blog.de\/blog\/wp-content\/uploads\/2025\/11\/IMG_4002-1320x936.jpg 1320w, https:\/\/vogelsberg-blog.de\/blog\/wp-content\/uploads\/2025\/11\/IMG_4002.jpg 1574w\" sizes=\"(max-width: 800px) 100vw, 800px\" \/>\t\t\t\t\t\t\t\t\t\t\t\t\t\t\t<\/div>\n\t\t\t\t<\/div>\n\t\t\t\t<div class=\"elementor-element elementor-element-214b5cc elementor-widget elementor-widget-image\" data-id=\"214b5cc\" data-element_type=\"widget\" data-e-type=\"widget\" data-widget_type=\"image.default\">\n\t\t\t\t<div class=\"elementor-widget-container\">\n\t\t\t\t\t<span id=214b5cc><\/span>\t\t\t\t\t\t\t\t\t\t<img decoding=\"async\" width=\"800\" height=\"573\" src=\"https:\/\/vogelsberg-blog.de\/blog\/wp-content\/uploads\/2025\/11\/IMG_4004-1024x734.jpg\" class=\"attachment-large size-large wp-image-11937\" alt=\"Vogelsbergkalender-2026\" srcset=\"https:\/\/vogelsberg-blog.de\/blog\/wp-content\/uploads\/2025\/11\/IMG_4004-1024x734.jpg 1024w, https:\/\/vogelsberg-blog.de\/blog\/wp-content\/uploads\/2025\/11\/IMG_4004-250x179.jpg 250w, https:\/\/vogelsberg-blog.de\/blog\/wp-content\/uploads\/2025\/11\/IMG_4004-768x551.jpg 768w, https:\/\/vogelsberg-blog.de\/blog\/wp-content\/uploads\/2025\/11\/IMG_4004-1536x1101.jpg 1536w, https:\/\/vogelsberg-blog.de\/blog\/wp-content\/uploads\/2025\/11\/IMG_4004-1320x947.jpg 1320w, https:\/\/vogelsberg-blog.de\/blog\/wp-content\/uploads\/2025\/11\/IMG_4004.jpg 1573w\" sizes=\"(max-width: 800px) 100vw, 800px\" \/>\t\t\t\t\t\t\t\t\t\t\t\t\t\t\t<\/div>\n\t\t\t\t<\/div>\n\t\t\t\t\t<\/div>\n\t\t\t\t<\/div>\n\t\t<div class=\"elementor-element elementor-element-b860e08 e-flex e-con-boxed e-con e-parent\" data-id=\"b860e08\" data-element_type=\"container\" data-e-type=\"container\">\n\t\t\t\t\t<div class=\"e-con-inner\">\n\t\t\t\t<div class=\"elementor-element elementor-element-da42174 elementor-widget elementor-widget-text-editor\" data-id=\"da42174\" data-element_type=\"widget\" data-e-type=\"widget\" data-widget_type=\"text-editor.default\">\n\t\t\t\t<div class=\"elementor-widget-container\">\n\t\t\t\t\t<span id=da42174><\/span>\t\t\t\t<h3><strong>Vogelsbergliebe-Kalender DIN A3 &#8211; 2026<\/strong><\/h3>\n<p>Bereits zum 6. Mal erscheint unser <em>Vogelsbergliebe-Kalender<\/em> in Partnerschaft mit der renommierten Druckerei SAAL-Digital.<\/p>\n<p><strong>Ein kleiner Meilenstein, \u00fcber den wir uns sehr freuen!<\/strong><\/p>\n<p>Auch f\u00fcr die Ausgabe 2026 haben wir mit viel Herzblut und einem geschulten Blick f\u00fcr die sch\u00f6nsten Motive aus unserem eigenen Portfolio einen Kalender zusammengestellt, der den Zauber des Vogelsbergs Monat f\u00fcr Monat einf\u00e4ngt.<span style=\"font-family: inherit; font-size: 18px; font-style: inherit; text-align: var(--text-align);\">\u00a0<\/span><\/p>\n<h3><strong>Preis: 29,99 \u20ac<\/strong><\/h3>\n<p>\ud83d\udca1 <strong>Tipp:<\/strong> Bis <strong>31.12.2025<\/strong> zahlen Sie nur die <strong>H\u00e4lfte der Versandkosten<\/strong> \u2013 (2,99 \u20ac statt 5,99 \u20ac)<\/p>\n<p>der Rabatt wird automatisch im Kassenbereich des Bestellvorgangs ber\u00fccksichtigt!<\/p>\n<p><em>Der gesamte Bestellprozess wird von unserer Partnerdruckerei SAAL-Digital abgewickelt.<\/em><\/p>\n<h3>\u00a0<\/h3>\n<h3>Hier sehen Sie unseren gesamten Kalender und k\u00f6nnen diesen direkt bestellen.<\/h3>\n<p><strong>Zum Shop:<\/strong><\/p>\t\t\t\t\t\t\t\t<\/div>\n\t\t\t\t<\/div>\n\t\t\t\t<div class=\"elementor-element elementor-element-134dcfc elementor-align-center elementor-widget elementor-widget-button\" data-id=\"134dcfc\" data-element_type=\"widget\" data-e-type=\"widget\" data-widget_type=\"button.default\">\n\t\t\t\t<div class=\"elementor-widget-container\">\n\t\t\t\t\t<span id=134dcfc><\/span>\t\t\t\t<div class=\"elementor-button-wrapper\">\n\t\t\t\t\t<a class=\"elementor-button elementor-button-link elementor-size-sm\" href=\"https:\/\/www.saal-digital.net\/share\/CEVhBHS\/?EventId=610&#038;TrackingUserId=7cbcc3bd-2651-4735-9940-cd9f8a12dd40\">\n\t\t\t\t\t\t<span class=\"elementor-button-content-wrapper\">\n\t\t\t\t\t\t\t\t\t<span class=\"elementor-button-text\">Hier bestellen<\/span>\n\t\t\t\t\t<\/span>\n\t\t\t\t\t<\/a>\n\t\t\t\t<\/div>\n\t\t\t\t\t\t\t\t<\/div>\n\t\t\t\t<\/div>\n\t\t\t\t\t<\/div>\n\t\t\t\t<\/div>\n\t\t<div class=\"elementor-element elementor-element-7a7f5a2 e-flex e-con-boxed e-con e-parent\" data-id=\"7a7f5a2\" data-element_type=\"container\" data-e-type=\"container\">\n\t\t\t\t\t<div class=\"e-con-inner\">\n\t\t\t\t<div class=\"elementor-element elementor-element-f76243d elementor-widget elementor-widget-spacer\" data-id=\"f76243d\" data-element_type=\"widget\" data-e-type=\"widget\" data-widget_type=\"spacer.default\">\n\t\t\t\t<div class=\"elementor-widget-container\">\n\t\t\t\t\t<span id=f76243d><\/span>\t\t<div class=\"elementor-spacer\">\n\t\t\t<div class=\"elementor-spacer-inner\"><\/div>\n\t\t<\/div>\n\t\t\t\t\t\t<\/div>\n\t\t\t\t<\/div>\n\t\t\t\t\t<\/div>\n\t\t\t\t<\/div>\n\t\t\t\t<\/div>\n\t\t","protected":false},"excerpt":{"rendered":"<p>Die Vogelsberger Weihnachtsm\u00e4rkte sind immer etwas besonderes. Hier haben wir die beliebtesten unserer Region f\u00fcr das Jahr 2025 aufgelistet.<\/p>\n","protected":false},"author":1,"featured_media":11967,"comment_status":"open","ping_status":"open","sticky":false,"template":"","format":"standard","meta":{"_uag_custom_page_level_css":"","generate_page_header":"","footnotes":""},"categories":[94,1,214,68],"tags":[],"class_list":["post-11964","post","type-post","status-publish","format-standard","has-post-thumbnail","hentry","category-aktuelles","category-allgemein","category-blog","category-weihnachtsmaerkte","infinite-scroll-item"],"aioseo_notices":[],"uagb_featured_image_src":{"full":["https:\/\/vogelsberg-blog.de\/blog\/wp-content\/uploads\/2025\/11\/Nickelches-Maert-Gedern-Bild-Thomas-Wahle001_10.jpg",1066,600,false],"thumbnail":["https:\/\/vogelsberg-blog.de\/blog\/wp-content\/uploads\/2025\/11\/Nickelches-Maert-Gedern-Bild-Thomas-Wahle001_10-660x300.jpg",660,300,true],"medium":["https:\/\/vogelsberg-blog.de\/blog\/wp-content\/uploads\/2025\/11\/Nickelches-Maert-Gedern-Bild-Thomas-Wahle001_10-250x141.jpg",250,141,true],"medium_large":["https:\/\/vogelsberg-blog.de\/blog\/wp-content\/uploads\/2025\/11\/Nickelches-Maert-Gedern-Bild-Thomas-Wahle001_10-768x432.jpg",768,432,true],"large":["https:\/\/vogelsberg-blog.de\/blog\/wp-content\/uploads\/2025\/11\/Nickelches-Maert-Gedern-Bild-Thomas-Wahle001_10-1024x576.jpg",1024,576,true],"1536x1536":["https:\/\/vogelsberg-blog.de\/blog\/wp-content\/uploads\/2025\/11\/Nickelches-Maert-Gedern-Bild-Thomas-Wahle001_10.jpg",1066,600,false],"2048x2048":["https:\/\/vogelsberg-blog.de\/blog\/wp-content\/uploads\/2025\/11\/Nickelches-Maert-Gedern-Bild-Thomas-Wahle001_10.jpg",1066,600,false],"wp_review_large":["https:\/\/vogelsberg-blog.de\/blog\/wp-content\/uploads\/2025\/11\/Nickelches-Maert-Gedern-Bild-Thomas-Wahle001_10-320x200.jpg",320,200,true],"wp_review_small":["https:\/\/vogelsberg-blog.de\/blog\/wp-content\/uploads\/2025\/11\/Nickelches-Maert-Gedern-Bild-Thomas-Wahle001_10-65x65.jpg",65,65,true],"mailpoet_newsletter_max":["https:\/\/vogelsberg-blog.de\/blog\/wp-content\/uploads\/2025\/11\/Nickelches-Maert-Gedern-Bild-Thomas-Wahle001_10.jpg",1066,600,false]},"uagb_author_info":{"display_name":"VB - Admin","author_link":"https:\/\/vogelsberg-blog.de\/blog\/author\/pixelladen\/"},"uagb_comment_info":0,"uagb_excerpt":"Die Vogelsberger Weihnachtsm\u00e4rkte sind immer etwas besonderes. Hier haben wir die beliebtesten unserer Region f\u00fcr das Jahr 2025 aufgelistet.","_links":{"self":[{"href":"https:\/\/vogelsberg-blog.de\/blog\/wp-json\/wp\/v2\/posts\/11964","targetHints":{"allow":["GET"]}}],"collection":[{"href":"https:\/\/vogelsberg-blog.de\/blog\/wp-json\/wp\/v2\/posts"}],"about":[{"href":"https:\/\/vogelsberg-blog.de\/blog\/wp-json\/wp\/v2\/types\/post"}],"author":[{"embeddable":true,"href":"https:\/\/vogelsberg-blog.de\/blog\/wp-json\/wp\/v2\/users\/1"}],"replies":[{"embeddable":true,"href":"https:\/\/vogelsberg-blog.de\/blog\/wp-json\/wp\/v2\/comments?post=11964"}],"version-history":[{"count":16,"href":"https:\/\/vogelsberg-blog.de\/blog\/wp-json\/wp\/v2\/posts\/11964\/revisions"}],"predecessor-version":[{"id":11986,"href":"https:\/\/vogelsberg-blog.de\/blog\/wp-json\/wp\/v2\/posts\/11964\/revisions\/11986"}],"wp:featuredmedia":[{"embeddable":true,"href":"https:\/\/vogelsberg-blog.de\/blog\/wp-json\/wp\/v2\/media\/11967"}],"wp:attachment":[{"href":"https:\/\/vogelsberg-blog.de\/blog\/wp-json\/wp\/v2\/media?parent=11964"}],"wp:term":[{"taxonomy":"category","embeddable":true,"href":"https:\/\/vogelsberg-blog.de\/blog\/wp-json\/wp\/v2\/categories?post=11964"},{"taxonomy":"post_tag","embeddable":true,"href":"https:\/\/vogelsberg-blog.de\/blog\/wp-json\/wp\/v2\/tags?post=11964"}],"curies":[{"name":"wp","href":"https:\/\/api.w.org\/{rel}","templated":true}]}}