{"id":4343,"date":"2020-05-31T13:18:37","date_gmt":"2020-05-31T11:18:37","guid":{"rendered":"https:\/\/vogelsberg-blog.de\/blog\/?p=4343"},"modified":"2020-05-31T13:35:14","modified_gmt":"2020-05-31T11:35:14","slug":"erste-mahd-der-bergmaehwiesen-2020","status":"publish","type":"post","link":"https:\/\/vogelsberg-blog.de\/blog\/erste-mahd-der-bergmaehwiesen-2020\/","title":{"rendered":"Erste Mahd der Bergm\u00e4hwiesen 2020"},"content":{"rendered":"\n\n\n<h3 class=\"wp-block-heading\"><strong>Der virtuelle Bergm\u00e4hwiesenpfad<\/strong><\/h3>\n\n\n\n<h2 class=\"wp-block-heading\">Stele 05: Mahd und Beweidung<\/h2>\n\n\n\n<p><strong>Die Stele 05 ist Teil des beliebten <a href=\"https:\/\/bergmaehwiesen.de\" target=\"_blank\" rel=\"noreferrer noopener\">Bergm\u00e4wiesenpfad<\/a> bei Herchenhain, womit wir auch diesen Text zitieren<\/strong>, <strong>zum Thema Mahd und Beweidung.<\/strong><\/p>\n\n\n\n<p>Bauern m\u00e4hen seit Jahrhunderten die Bergm\u00e4hwiesen im Sommer, zus\u00e4tzlich weiden dort oft Rinder, Pferde oder Schafe. Der richtige Zeitpunkt der ersten Mahd (= M\u00e4hen) ist entscheidend f\u00fcr die Naturvielfalt.<\/p>\n\n\n\n<p>Wird zu sp\u00e4t oder gar nicht gem\u00e4ht, verdr\u00e4ngen durchsetzungsstarke Pflanzen schw\u00e4chere Arten und reduzieren die Pflanzenvielfalt. Wird zu fr\u00fch und zu viel gem\u00e4ht, verschwinden Kr\u00e4uter und andere Pflanzen, die noch nicht samenreif sind und sich nicht vermehren k\u00f6nnen. Der ideale Zeitraum f\u00fcr die erste Mahd der Bergm\u00e4hwiesen liegt Anfang bis Mitte Juli <em>(Wetterbedingt wurde nun 2020 die erste Mahd Ende Mai durchgef\u00fchrt, die Red.)<\/em> F\u00fcr die Tiere sind die frischen Gr\u00e4ser und Kr\u00e4uter voller wertvoller N\u00e4hrstoffe und das gewonnene Heu ein Gourmet-Futter.<\/p>\n\n\n\n<figure class=\"wp-block-image size-large\"><img fetchpriority=\"high\" decoding=\"async\" width=\"1024\" height=\"576\" src=\"https:\/\/vogelsberg-blog.de\/blog\/wp-content\/uploads\/2020\/05\/Vogelsbergliebe.de-Copyright-Kind-im-Bergm\u00e4hwiese-1024x576.jpg\" alt=\"Vogelsbergliebe.de -Copyright - Kind in Bergm\u00e4hwiese\" class=\"wp-image-4347\" srcset=\"https:\/\/vogelsberg-blog.de\/blog\/wp-content\/uploads\/2020\/05\/Vogelsbergliebe.de-Copyright-Kind-im-Bergm\u00e4hwiese-1024x576.jpg 1024w, https:\/\/vogelsberg-blog.de\/blog\/wp-content\/uploads\/2020\/05\/Vogelsbergliebe.de-Copyright-Kind-im-Bergm\u00e4hwiese-250x141.jpg 250w, https:\/\/vogelsberg-blog.de\/blog\/wp-content\/uploads\/2020\/05\/Vogelsbergliebe.de-Copyright-Kind-im-Bergm\u00e4hwiese-768x432.jpg 768w, https:\/\/vogelsberg-blog.de\/blog\/wp-content\/uploads\/2020\/05\/Vogelsbergliebe.de-Copyright-Kind-im-Bergm\u00e4hwiese.jpg 1200w\" sizes=\"(max-width: 1024px) 100vw, 1024px\" \/><\/figure>\n\n\n\n<div style=\"height:41px\" aria-hidden=\"true\" class=\"wp-block-spacer\"><\/div>\n\n\n\n<p>Die Herausforderung besteht heute darin, Naturschutz und Landnutzung in Einklang zu bringen und dabei auch den wirtschaftlichen Aspekt zu ber\u00fccksichtigen. Trotz Ausgleichszahlungen erleben viele Landwirte wirtschaftlich schwere Zeiten. Die hohe Arbeitsbelastung in der Viehhaltung ohne Wochenende und Urlaub tragen ihr \u00dcbriges dazu bei, dass die Zahl der Bewirtschafter seit Jahren r\u00fcckl\u00e4ufig ist.<\/p>\n\n\n\n<p>Deshalb ist die Zusammenarbeit der Landwirte mit den Fachbeh\u00f6rden des Vogelsbergkreises, dem Naturschutzgro\u00dfprojekt Vogelsberg und der Nachhaltigkeitsinitiative \u201e<a href=\"https:\/\/bergmaehwiesen.de\/naehe-ist-gut.html\" target=\"_blank\" rel=\"noreferrer noopener\">N\u00e4he ist Gut<\/a>\u201c sehr wichtig, um auch zuk\u00fcnftigen Generationen dieses Naturwunder zu erhalten.<\/p>\n\n\n\n<h2 class=\"wp-block-heading\">Hintergrundinformation:<\/h2>\n\n\n\n<h3 class=\"wp-block-heading\"><strong>Mahd und Beweidung<\/strong><\/h3>\n\n\n\n<p>Die Bergm\u00e4hwiesen werden durch eine ein- bis zweisch\u00fcrige Mahd genutzt. Selten gibt es auch drei- und mehrsch\u00fcrige Wiesen. Gro\u00dfe Fl\u00e4chenanteile werden extensiv bewirtschaftet oder zus\u00e4tzlich zur Mahd beweidet. H\u00e4ufig sind Rinderweiden, vereinzelt auch Pferde- und Schafweiden zu finden.<\/p>\n\n\n\n<p><strong>Das YouTube Video zeigt<\/strong> ein Beispiel zur &#8222;Erste Mahd der Bergm\u00e4hwiesen&#8220;.<\/p>\n\n\n\n<iframe width=\"560\" height=\"400\" src=\"https:\/\/www.youtube.com\/embed\/2opNc8B3a-s\" frameborder=\"0\" allow=\"accelerometer; autoplay; encrypted-media; gyroscope; picture-in-picture\" allowfullscreen><\/iframe>\n\n\n\n<div style=\"height:40px\" aria-hidden=\"true\" class=\"wp-block-spacer\"><\/div>\n\n\n\n<p><strong>Die Heuernte<\/strong>:<\/p>\n\n\n\n<p>Der traditionelle Mahdtermin dieser artenreichen Bergm\u00e4hwiesen im Vogelsberg liegen zwischen dem 15.Juni und 15 Juli. Das Gras wird gem\u00e4ht, meist drei Tage lang gewendet und getrocknet und dann in Rund und\/oder Quaderballen gepresst.<\/p>\n\n\n\n<p><strong>Aspekte zum Kauf regionaler Produkte:<\/strong><\/p>\n\n\n\n<p>Die im Vogelsberg wirtschaftenden Betriebe erhalten durch die Mahd die vielf\u00e4ltige Flora und Fauna auf der Fl\u00e4chen wie z.B. Arnika, weichen Pippau, Flockenblume und die T\u00fcrkenbundlilie- (die Wappenblume des Vogelsbergkreises) die sonst durch Verbuschen oder Verbrachen bedroht w\u00e4ren. Die Herausforderung ist es dabei Naturschutz und Landnutzung nachhaltig in Einklang zu bringen und dabei insbesondere die wirtschaftlichen Zw\u00e4nge, denen die Landnutzer unterworfen sind, zu ber\u00fccksichtigen. Diese ergeben sich vor allem durch die meist nicht kostendeckenden Ertr\u00e4ge der nachhaltigen Bewirtschaftung.<\/p>\n\n\n\n<figure class=\"wp-block-image size-large\"><img decoding=\"async\" width=\"1024\" height=\"576\" src=\"https:\/\/vogelsberg-blog.de\/blog\/wp-content\/uploads\/2020\/05\/Vogelsbergliebe.de-Copyright-Bergm\u00e4hwiese-1024x576.jpg\" alt=\"Vogelsbergliebe.de -Copyright - Bergm\u00e4hwiese\" class=\"wp-image-4346\" srcset=\"https:\/\/vogelsberg-blog.de\/blog\/wp-content\/uploads\/2020\/05\/Vogelsbergliebe.de-Copyright-Bergm\u00e4hwiese-1024x576.jpg 1024w, https:\/\/vogelsberg-blog.de\/blog\/wp-content\/uploads\/2020\/05\/Vogelsbergliebe.de-Copyright-Bergm\u00e4hwiese-250x141.jpg 250w, https:\/\/vogelsberg-blog.de\/blog\/wp-content\/uploads\/2020\/05\/Vogelsbergliebe.de-Copyright-Bergm\u00e4hwiese-768x432.jpg 768w, https:\/\/vogelsberg-blog.de\/blog\/wp-content\/uploads\/2020\/05\/Vogelsbergliebe.de-Copyright-Bergm\u00e4hwiese.jpg 1200w\" sizes=\"(max-width: 1024px) 100vw, 1024px\" \/><\/figure>\n\n\n\n<div style=\"height:31px\" aria-hidden=\"true\" class=\"wp-block-spacer\"><\/div>\n\n\n\n<p>Trotz Ausgleichszahlungen durch Agrarumwelt- und Naturschutzf\u00f6rderprogramme. Die der besonderen Bedeutung der Landnutzer f\u00fcr unsere Landschaft Rechnung tragen sollten, erleben viele der heimischen Landwirte wirtschaftlich schwere Zeiten, da Erl\u00f6se aus Vermarktung und Agrarf\u00f6rderung die hohen Kosten f\u00fcr Winter-Futtermittel f\u00fcr die Weidetiere sowie f\u00fcr die Pacht und Investitionen kaum decken. Die hohen Arbeitsbelastungen in der Viehhaltung ohne Wochenendfreizeiten und Urlaub tragen ihr \u00dcbriges dazu bei, dass die Zahl der Haupt und Nebenerwerbsbetriebe im Vogelsberg seit Jahren r\u00fcckl\u00e4ufig ist.<\/p>\n\n\n\n<p>Deshalb ist die Zusammenarbeit der Landwirte mit dem Vogelsbergkreis, dem Umweltministerium und mit der Nachhaltigkeitsinitative N\u00e4he ist Gut als weiterer Baustein sehr wichtig, um diesen gro\u00dfen Herausforderungen zu begegnen.<\/p>\n\n\n\n<p><strong>Wie k\u00f6nnen Sie sich als Verbraucher f\u00fcr die Bergm\u00e4hwiesen engagiere<\/strong>n?<\/p>\n\n\n\n<p>Durch den Kauf von regionalen Produkten, wie Rind- und Lammfleisch, Wurstwaren, K\u00e4se, Bergm\u00e4hwiesenhonig, Heukissen und andere Produkte k\u00f6nnen Sie als Verbraucher und Wanderer die Region Vogelsberg bei der Erhaltung der besonderen Pflanzenvielfalt der Bergm\u00e4hwiesen tatkr\u00e4ftig unterst\u00fctzen. Durch den Kauf dieser regionalen Produkte k\u00f6nnen Sie die \u00f6rtlichen Landwirte in Ihren Bem\u00fchungen unterst\u00fctzen dieses artenreiche Gr\u00fcnland zu erhalten. Nicht nur die Bergm\u00e4hwiesen, sondern auch die wichtige Arbeit der Bewirtschafter w\u00fcrde dadurch wieder wertgesch\u00e4tzt.<\/p>\n\n\n\n<figure class=\"wp-block-image size-large\"><img decoding=\"async\" width=\"1024\" height=\"576\" src=\"https:\/\/vogelsberg-blog.de\/blog\/wp-content\/uploads\/2019\/06\/Bergmmaewiesenpfad-Herchenhain-Ernstberg01-Copyright-TW-14-1024x576.jpg\" alt=\"\" class=\"wp-image-3462\" srcset=\"https:\/\/vogelsberg-blog.de\/blog\/wp-content\/uploads\/2019\/06\/Bergmmaewiesenpfad-Herchenhain-Ernstberg01-Copyright-TW-14-1024x576.jpg 1024w, https:\/\/vogelsberg-blog.de\/blog\/wp-content\/uploads\/2019\/06\/Bergmmaewiesenpfad-Herchenhain-Ernstberg01-Copyright-TW-14-250x141.jpg 250w, https:\/\/vogelsberg-blog.de\/blog\/wp-content\/uploads\/2019\/06\/Bergmmaewiesenpfad-Herchenhain-Ernstberg01-Copyright-TW-14-768x432.jpg 768w, https:\/\/vogelsberg-blog.de\/blog\/wp-content\/uploads\/2019\/06\/Bergmmaewiesenpfad-Herchenhain-Ernstberg01-Copyright-TW-14-600x338.jpg 600w, https:\/\/vogelsberg-blog.de\/blog\/wp-content\/uploads\/2019\/06\/Bergmmaewiesenpfad-Herchenhain-Ernstberg01-Copyright-TW-14.jpg 1066w\" sizes=\"(max-width: 1024px) 100vw, 1024px\" \/><\/figure>\n\n\n\n<div style=\"height:30px\" aria-hidden=\"true\" class=\"wp-block-spacer\"><\/div>\n\n\n\n<p><strong>Mehr Infos zum Bergm\u00e4hwiesenpafad<\/strong><br><a href=\"https:\/\/bergmaehwiesen.de\" target=\"_blank\" rel=\"noreferrer noopener\">https:\/\/bergmaehwiesen.de<\/a><\/p>\n\n\n","protected":false},"excerpt":{"rendered":"<p>Der virtuelle Bergm\u00e4hwiesenpfad Stele 05: Mahd und Beweidung Die Stele 05 ist Teil des beliebten Bergm\u00e4wiesenpfad bei Herchenhain, womit wir auch diesen Text zitieren, zum Thema Mahd und Beweidung. Bauern &#8230; <a title=\"Erste Mahd der Bergm\u00e4hwiesen 2020\" class=\"read-more\" href=\"https:\/\/vogelsberg-blog.de\/blog\/erste-mahd-der-bergmaehwiesen-2020\/\" aria-label=\"Mehr Informationen \u00fcber Erste Mahd der Bergm\u00e4hwiesen 2020\">&#8230; weiterlesen<\/a><\/p>\n","protected":false},"author":1,"featured_media":4348,"comment_status":"closed","ping_status":"open","sticky":false,"template":"","format":"standard","meta":{"_uag_custom_page_level_css":"","generate_page_header":"","footnotes":""},"categories":[1,157,117,11,10],"tags":[],"class_list":["post-4343","post","type-post","status-publish","format-standard","has-post-thumbnail","hentry","category-allgemein","category-instagram","category-pflanzen-der-bermaehwiesen","category-rundweg","category-wandern","infinite-scroll-item"],"aioseo_notices":[],"uagb_featured_image_src":{"full":["https:\/\/vogelsberg-blog.de\/blog\/wp-content\/uploads\/2020\/05\/Vogelsbergliebe.de-Copyright-M\u00e4hen-mit-der-Sense.jpg",1200,675,false],"thumbnail":["https:\/\/vogelsberg-blog.de\/blog\/wp-content\/uploads\/2020\/05\/Vogelsbergliebe.de-Copyright-M\u00e4hen-mit-der-Sense-660x300.jpg",660,300,true],"medium":["https:\/\/vogelsberg-blog.de\/blog\/wp-content\/uploads\/2020\/05\/Vogelsbergliebe.de-Copyright-M\u00e4hen-mit-der-Sense-250x141.jpg",250,141,true],"medium_large":["https:\/\/vogelsberg-blog.de\/blog\/wp-content\/uploads\/2020\/05\/Vogelsbergliebe.de-Copyright-M\u00e4hen-mit-der-Sense-768x432.jpg",768,432,true],"large":["https:\/\/vogelsberg-blog.de\/blog\/wp-content\/uploads\/2020\/05\/Vogelsbergliebe.de-Copyright-M\u00e4hen-mit-der-Sense-1024x576.jpg",1024,576,true],"1536x1536":["https:\/\/vogelsberg-blog.de\/blog\/wp-content\/uploads\/2020\/05\/Vogelsbergliebe.de-Copyright-M\u00e4hen-mit-der-Sense.jpg",1200,675,false],"2048x2048":["https:\/\/vogelsberg-blog.de\/blog\/wp-content\/uploads\/2020\/05\/Vogelsbergliebe.de-Copyright-M\u00e4hen-mit-der-Sense.jpg",1200,675,false],"wp_review_large":["https:\/\/vogelsberg-blog.de\/blog\/wp-content\/uploads\/2020\/05\/Vogelsbergliebe.de-Copyright-M\u00e4hen-mit-der-Sense-320x200.jpg",320,200,true],"wp_review_small":["https:\/\/vogelsberg-blog.de\/blog\/wp-content\/uploads\/2020\/05\/Vogelsbergliebe.de-Copyright-M\u00e4hen-mit-der-Sense-65x65.jpg",65,65,true],"mailpoet_newsletter_max":["https:\/\/vogelsberg-blog.de\/blog\/wp-content\/uploads\/2020\/05\/Vogelsbergliebe.de-Copyright-M\u00e4hen-mit-der-Sense.jpg",1200,675,false]},"uagb_author_info":{"display_name":"VB - Admin","author_link":"https:\/\/vogelsberg-blog.de\/blog\/author\/pixelladen\/"},"uagb_comment_info":0,"uagb_excerpt":"Der virtuelle Bergm\u00e4hwiesenpfad Stele 05: Mahd und Beweidung Die Stele 05 ist Teil des beliebten Bergm\u00e4wiesenpfad bei Herchenhain, womit wir auch diesen Text zitieren, zum Thema Mahd und Beweidung. Bauern ... ... weiterlesen","_links":{"self":[{"href":"https:\/\/vogelsberg-blog.de\/blog\/wp-json\/wp\/v2\/posts\/4343","targetHints":{"allow":["GET"]}}],"collection":[{"href":"https:\/\/vogelsberg-blog.de\/blog\/wp-json\/wp\/v2\/posts"}],"about":[{"href":"https:\/\/vogelsberg-blog.de\/blog\/wp-json\/wp\/v2\/types\/post"}],"author":[{"embeddable":true,"href":"https:\/\/vogelsberg-blog.de\/blog\/wp-json\/wp\/v2\/users\/1"}],"replies":[{"embeddable":true,"href":"https:\/\/vogelsberg-blog.de\/blog\/wp-json\/wp\/v2\/comments?post=4343"}],"version-history":[{"count":6,"href":"https:\/\/vogelsberg-blog.de\/blog\/wp-json\/wp\/v2\/posts\/4343\/revisions"}],"predecessor-version":[{"id":4355,"href":"https:\/\/vogelsberg-blog.de\/blog\/wp-json\/wp\/v2\/posts\/4343\/revisions\/4355"}],"wp:featuredmedia":[{"embeddable":true,"href":"https:\/\/vogelsberg-blog.de\/blog\/wp-json\/wp\/v2\/media\/4348"}],"wp:attachment":[{"href":"https:\/\/vogelsberg-blog.de\/blog\/wp-json\/wp\/v2\/media?parent=4343"}],"wp:term":[{"taxonomy":"category","embeddable":true,"href":"https:\/\/vogelsberg-blog.de\/blog\/wp-json\/wp\/v2\/categories?post=4343"},{"taxonomy":"post_tag","embeddable":true,"href":"https:\/\/vogelsberg-blog.de\/blog\/wp-json\/wp\/v2\/tags?post=4343"}],"curies":[{"name":"wp","href":"https:\/\/api.w.org\/{rel}","templated":true}]}}